{"id":23390,"date":"2024-05-24T07:00:23","date_gmt":"2024-05-24T05:00:23","guid":{"rendered":"http:\/\/www.kle-blatt.de\/blog\/?p=23390"},"modified":"2024-04-03T12:35:55","modified_gmt":"2024-04-03T10:35:55","slug":"der-niederrhein-ist-ganz-schoen-flach","status":"publish","type":"post","link":"https:\/\/www.kle-blatt.de\/blog\/kleve-in-foto-video\/aus-dem-privatalbum\/der-niederrhein-ist-ganz-schoen-flach.html","title":{"rendered":"Der Niederrhein ist ganz sch\u00f6n flach"},"content":{"rendered":"<p><strong>Der Niederrhein ist ganz sch\u00f6n flach<\/strong><\/p>\n<p>Schnurgerade Stra\u00dfen, Baumreihen und Wege zeichnen die Landschaft am Niederrhein aus. So sieht es in gro\u00dfen Bereichen rund um Kleve aus. Kleve selbst verf\u00fcgt wenigstens \u00fcber einige Berge, auch wenn die nicht besonders hoch sind.<\/p>\n<p><img loading=\"lazy\" decoding=\"async\" class=\"size-full wp-image-23391 aligncenter\" src=\"https:\/\/www.kle-blatt.de\/blog\/wp-content\/uploads\/2018\/04\/niederrheinlandschaft.jpg\" alt=\"Der Niederrhein ist ganz sch\u00f6n flach\" width=\"850\" height=\"617\" \/><br \/>\n(Foto: Ralf Heyden)<\/p>\n","protected":false},"excerpt":{"rendered":"<p>Der Niederrhein ist ganz sch\u00f6n flach Schnurgerade Stra\u00dfen, Baumreihen und Wege zeichnen die Landschaft am Niederrhein aus. So sieht es &hellip; <a href=\"https:\/\/www.kle-blatt.de\/blog\/kleve-in-foto-video\/aus-dem-privatalbum\/der-niederrhein-ist-ganz-schoen-flach.html\" class=\"more-link\"><span class=\"more-button\">Weiterlesen<span class=\"screen-reader-text\">Der Niederrhein ist ganz sch\u00f6n flach<\/span><\/span><\/a><\/p>\n","protected":false},"author":2,"featured_media":23391,"comment_status":"closed","ping_status":"closed","sticky":false,"template":"","format":"standard","meta":{"footnotes":""},"categories":[20],"tags":[4704],"class_list":["post-23390","post","type-post","status-publish","format-standard","has-post-thumbnail","hentry","category-aus-dem-privatalbum","tag-der-niederrhein-ist-ganz-schoen-flach"],"_links":{"self":[{"href":"https:\/\/www.kle-blatt.de\/blog\/wp-json\/wp\/v2\/posts\/23390","targetHints":{"allow":["GET"]}}],"collection":[{"href":"https:\/\/www.kle-blatt.de\/blog\/wp-json\/wp\/v2\/posts"}],"about":[{"href":"https:\/\/www.kle-blatt.de\/blog\/wp-json\/wp\/v2\/types\/post"}],"author":[{"embeddable":true,"href":"https:\/\/www.kle-blatt.de\/blog\/wp-json\/wp\/v2\/users\/2"}],"replies":[{"embeddable":true,"href":"https:\/\/www.kle-blatt.de\/blog\/wp-json\/wp\/v2\/comments?post=23390"}],"version-history":[{"count":2,"href":"https:\/\/www.kle-blatt.de\/blog\/wp-json\/wp\/v2\/posts\/23390\/revisions"}],"predecessor-version":[{"id":33783,"href":"https:\/\/www.kle-blatt.de\/blog\/wp-json\/wp\/v2\/posts\/23390\/revisions\/33783"}],"wp:featuredmedia":[{"embeddable":true,"href":"https:\/\/www.kle-blatt.de\/blog\/wp-json\/wp\/v2\/media\/23391"}],"wp:attachment":[{"href":"https:\/\/www.kle-blatt.de\/blog\/wp-json\/wp\/v2\/media?parent=23390"}],"wp:term":[{"taxonomy":"category","embeddable":true,"href":"https:\/\/www.kle-blatt.de\/blog\/wp-json\/wp\/v2\/categories?post=23390"},{"taxonomy":"post_tag","embeddable":true,"href":"https:\/\/www.kle-blatt.de\/blog\/wp-json\/wp\/v2\/tags?post=23390"}],"curies":[{"name":"wp","href":"https:\/\/api.w.org\/{rel}","templated":true}]}}