{"id":23532,"date":"2018-06-27T07:10:57","date_gmt":"2018-06-27T05:10:57","guid":{"rendered":"http:\/\/www.kle-blatt.de\/blog\/?p=23532"},"modified":"2018-05-10T11:07:53","modified_gmt":"2018-05-10T09:07:53","slug":"ein-bahnhof-mit-geschichte","status":"publish","type":"post","link":"https:\/\/www.kle-blatt.de\/blog\/kleve-in-foto-video\/aus-dem-privatalbum\/ein-bahnhof-mit-geschichte.html","title":{"rendered":"Ein Bahnhof mit Geschichte"},"content":{"rendered":"<p><strong>Ein Bahnhof mit Geschichte<\/strong><\/p>\n<p>\u00dcber hundert Jahre sah er schon so aus wie auf diesem Bild. Allerdings hat sich der Anblick aktuell ver\u00e4ndert. Ein mit reichlich Glas best\u00fcckter Anbau hat das gewohnte Gesicht erheblich ver\u00e4ndert. Wie immer, wenn Moderne auf Altes trifft. Gef\u00e4llt Dir der neue alte Bahnhof?<\/p>\n<p><img loading=\"lazy\" decoding=\"async\" class=\"alignleft size-full wp-image-23533\" src=\"http:\/\/www.kle-blatt.de\/blog\/wp-content\/uploads\/2018\/05\/bahnhof-kleve.jpg\" alt=\"Ein Bahnhof mit Geschichte\" width=\"850\" height=\"850\" srcset=\"https:\/\/www.kle-blatt.de\/blog\/wp-content\/uploads\/2018\/05\/bahnhof-kleve-150x150.jpg 150w, https:\/\/www.kle-blatt.de\/blog\/wp-content\/uploads\/2018\/05\/bahnhof-kleve-90x90.jpg 90w, https:\/\/www.kle-blatt.de\/blog\/wp-content\/uploads\/2018\/05\/bahnhof-kleve-75x75.jpg 75w\" sizes=\"auto, (max-width: 850px) 100vw, 850px\" \/><br \/>\n(Foto: Ralf Heyden)<\/p>\n","protected":false},"excerpt":{"rendered":"<p>Ein Bahnhof mit Geschichte \u00dcber hundert Jahre sah er schon so aus wie auf diesem Bild. Allerdings hat sich der &hellip; <a href=\"https:\/\/www.kle-blatt.de\/blog\/kleve-in-foto-video\/aus-dem-privatalbum\/ein-bahnhof-mit-geschichte.html\" class=\"more-link\"><span class=\"more-button\">Weiterlesen<span class=\"screen-reader-text\">Ein Bahnhof mit Geschichte<\/span><\/span><\/a><\/p>\n","protected":false},"author":2,"featured_media":0,"comment_status":"open","ping_status":"closed","sticky":false,"template":"","format":"standard","meta":{"footnotes":""},"categories":[20],"tags":[4723],"class_list":["post-23532","post","type-post","status-publish","format-standard","hentry","category-aus-dem-privatalbum","tag-ein-bahnhof-mit-geschichte"],"_links":{"self":[{"href":"https:\/\/www.kle-blatt.de\/blog\/wp-json\/wp\/v2\/posts\/23532","targetHints":{"allow":["GET"]}}],"collection":[{"href":"https:\/\/www.kle-blatt.de\/blog\/wp-json\/wp\/v2\/posts"}],"about":[{"href":"https:\/\/www.kle-blatt.de\/blog\/wp-json\/wp\/v2\/types\/post"}],"author":[{"embeddable":true,"href":"https:\/\/www.kle-blatt.de\/blog\/wp-json\/wp\/v2\/users\/2"}],"replies":[{"embeddable":true,"href":"https:\/\/www.kle-blatt.de\/blog\/wp-json\/wp\/v2\/comments?post=23532"}],"version-history":[{"count":0,"href":"https:\/\/www.kle-blatt.de\/blog\/wp-json\/wp\/v2\/posts\/23532\/revisions"}],"wp:attachment":[{"href":"https:\/\/www.kle-blatt.de\/blog\/wp-json\/wp\/v2\/media?parent=23532"}],"wp:term":[{"taxonomy":"category","embeddable":true,"href":"https:\/\/www.kle-blatt.de\/blog\/wp-json\/wp\/v2\/categories?post=23532"},{"taxonomy":"post_tag","embeddable":true,"href":"https:\/\/www.kle-blatt.de\/blog\/wp-json\/wp\/v2\/tags?post=23532"}],"curies":[{"name":"wp","href":"https:\/\/api.w.org\/{rel}","templated":true}]}}