{"id":23535,"date":"2022-06-22T06:10:43","date_gmt":"2022-06-22T04:10:43","guid":{"rendered":"http:\/\/www.kle-blatt.de\/blog\/?p=23535"},"modified":"2022-05-11T11:37:00","modified_gmt":"2022-05-11T09:37:00","slug":"hast-du-hier-in-deiner-jugend-auch-gekuschelt","status":"publish","type":"post","link":"https:\/\/www.kle-blatt.de\/blog\/kleve-in-foto-video\/aus-dem-privatalbum\/hast-du-hier-in-deiner-jugend-auch-gekuschelt.html","title":{"rendered":"Hast Du hier in Deiner Jugend auch gekuschelt?"},"content":{"rendered":"<p><strong>Hast Du hier in Deiner Jugend auch gekuschelt?<\/strong><\/p>\n<p>Wenn ja, dann wei\u00dft Du genau, wo wir hier sind. Immer schnell besetzt, beste Aussicht direkt auf die Tanzfl\u00e4che und gem\u00fctlich wie auf der Couch zu Hause.<br \/>\nUnz\u00e4hlige Paare haben sich hier geknubbelt und die Musik genossen bei entsprechenden Getr\u00e4nken.<br \/>\nWo gibt es sowas wie das Caliente heute noch in Kleve?<\/p>\n<p><img loading=\"lazy\" decoding=\"async\" class=\"size-full wp-image-23536 aligncenter\" src=\"https:\/\/www.kle-blatt.de\/blog\/wp-content\/uploads\/2018\/05\/sitzecke-caliente.jpg\" alt=\"Hast Du hier in Deiner Jugend auch gekuschelt?\" width=\"850\" height=\"533\" \/><br \/>\n(Foto: Dave Davis)<\/p>\n","protected":false},"excerpt":{"rendered":"<p>Hast Du hier in Deiner Jugend auch gekuschelt? Wenn ja, dann wei\u00dft Du genau, wo wir hier sind. Immer schnell &hellip; <a href=\"https:\/\/www.kle-blatt.de\/blog\/kleve-in-foto-video\/aus-dem-privatalbum\/hast-du-hier-in-deiner-jugend-auch-gekuschelt.html\" class=\"more-link\"><span class=\"more-button\">Weiterlesen<span class=\"screen-reader-text\">Hast Du hier in Deiner Jugend auch gekuschelt?<\/span><\/span><\/a><\/p>\n","protected":false},"author":2,"featured_media":23536,"comment_status":"open","ping_status":"closed","sticky":false,"template":"","format":"standard","meta":{"footnotes":""},"categories":[20,5279],"tags":[4724],"class_list":["post-23535","post","type-post","status-publish","format-standard","has-post-thumbnail","hentry","category-aus-dem-privatalbum","category-klever-musik-und-diskoszene","tag-hast-du-hier-in-deiner-jugend-auch-gekuschelt"],"_links":{"self":[{"href":"https:\/\/www.kle-blatt.de\/blog\/wp-json\/wp\/v2\/posts\/23535","targetHints":{"allow":["GET"]}}],"collection":[{"href":"https:\/\/www.kle-blatt.de\/blog\/wp-json\/wp\/v2\/posts"}],"about":[{"href":"https:\/\/www.kle-blatt.de\/blog\/wp-json\/wp\/v2\/types\/post"}],"author":[{"embeddable":true,"href":"https:\/\/www.kle-blatt.de\/blog\/wp-json\/wp\/v2\/users\/2"}],"replies":[{"embeddable":true,"href":"https:\/\/www.kle-blatt.de\/blog\/wp-json\/wp\/v2\/comments?post=23535"}],"version-history":[{"count":2,"href":"https:\/\/www.kle-blatt.de\/blog\/wp-json\/wp\/v2\/posts\/23535\/revisions"}],"predecessor-version":[{"id":30505,"href":"https:\/\/www.kle-blatt.de\/blog\/wp-json\/wp\/v2\/posts\/23535\/revisions\/30505"}],"wp:featuredmedia":[{"embeddable":true,"href":"https:\/\/www.kle-blatt.de\/blog\/wp-json\/wp\/v2\/media\/23536"}],"wp:attachment":[{"href":"https:\/\/www.kle-blatt.de\/blog\/wp-json\/wp\/v2\/media?parent=23535"}],"wp:term":[{"taxonomy":"category","embeddable":true,"href":"https:\/\/www.kle-blatt.de\/blog\/wp-json\/wp\/v2\/categories?post=23535"},{"taxonomy":"post_tag","embeddable":true,"href":"https:\/\/www.kle-blatt.de\/blog\/wp-json\/wp\/v2\/tags?post=23535"}],"curies":[{"name":"wp","href":"https:\/\/api.w.org\/{rel}","templated":true}]}}