{"id":23705,"date":"2022-07-16T06:10:37","date_gmt":"2022-07-16T04:10:37","guid":{"rendered":"http:\/\/www.kle-blatt.de\/blog\/?p=23705"},"modified":"2022-07-16T09:57:05","modified_gmt":"2022-07-16T07:57:05","slug":"sag-bloss-du-hast-noch-was-von-doherr","status":"publish","type":"post","link":"https:\/\/www.kle-blatt.de\/blog\/kleve-in-foto-video\/aus-dem-privatalbum\/sag-bloss-du-hast-noch-was-von-doherr.html","title":{"rendered":"Sag&#8216; blo\u00df, Du hast noch was von Doherr!?"},"content":{"rendered":"<p><strong>Sag&#8216; blo\u00df, Du hast noch was von Doherr!?<\/strong><\/p>\n<p>Viele Klever B\u00fcrger\/innen werden sich noch an das Textilhaus Doherr in Kleve erinnern. Es stand damals dort, wo sich heute Mensing befindet. Hier sehen wir noch einen uralten Kleiderb\u00fcgel dieser traditionellen Firma. Man sieht, Qualit\u00e4t h\u00e4lt sich prima \u00fcber die Jahrzehnte.<\/p>\n<p><img loading=\"lazy\" decoding=\"async\" class=\"size-full wp-image-23706 aligncenter\" src=\"http:\/\/www.kle-blatt.de\/blog\/wp-content\/uploads\/2018\/06\/doherr-killemann.jpg\" alt=\"Sag' blo\u00df, Du hast noch was von Doherr!?\" width=\"850\" height=\"595\" srcset=\"https:\/\/www.kle-blatt.de\/blog\/wp-content\/uploads\/2018\/06\/doherr-killemann.jpg 850w, https:\/\/www.kle-blatt.de\/blog\/wp-content\/uploads\/2018\/06\/doherr-killemann-300x210.jpg 300w, https:\/\/www.kle-blatt.de\/blog\/wp-content\/uploads\/2018\/06\/doherr-killemann-768x538.jpg 768w\" sizes=\"auto, (max-width: 850px) 100vw, 850px\" \/><br \/>\n(Foto: Rainer Killemann)<\/p>\n","protected":false},"excerpt":{"rendered":"<p>Sag&#8216; blo\u00df, Du hast noch was von Doherr!? Viele Klever B\u00fcrger\/innen werden sich noch an das Textilhaus Doherr in Kleve &hellip; <a href=\"https:\/\/www.kle-blatt.de\/blog\/kleve-in-foto-video\/aus-dem-privatalbum\/sag-bloss-du-hast-noch-was-von-doherr.html\" class=\"more-link\"><span class=\"more-button\">Weiterlesen<span class=\"screen-reader-text\">Sag&#8216; blo\u00df, Du hast noch was von Doherr!?<\/span><\/span><\/a><\/p>\n","protected":false},"author":2,"featured_media":23706,"comment_status":"open","ping_status":"closed","sticky":false,"template":"","format":"standard","meta":{"footnotes":""},"categories":[20],"tags":[4751,4750],"class_list":["post-23705","post","type-post","status-publish","format-standard","has-post-thumbnail","hentry","category-aus-dem-privatalbum","tag-du-hast-noch-was-von-doherr","tag-sag-bloss"],"_links":{"self":[{"href":"https:\/\/www.kle-blatt.de\/blog\/wp-json\/wp\/v2\/posts\/23705","targetHints":{"allow":["GET"]}}],"collection":[{"href":"https:\/\/www.kle-blatt.de\/blog\/wp-json\/wp\/v2\/posts"}],"about":[{"href":"https:\/\/www.kle-blatt.de\/blog\/wp-json\/wp\/v2\/types\/post"}],"author":[{"embeddable":true,"href":"https:\/\/www.kle-blatt.de\/blog\/wp-json\/wp\/v2\/users\/2"}],"replies":[{"embeddable":true,"href":"https:\/\/www.kle-blatt.de\/blog\/wp-json\/wp\/v2\/comments?post=23705"}],"version-history":[{"count":2,"href":"https:\/\/www.kle-blatt.de\/blog\/wp-json\/wp\/v2\/posts\/23705\/revisions"}],"predecessor-version":[{"id":30823,"href":"https:\/\/www.kle-blatt.de\/blog\/wp-json\/wp\/v2\/posts\/23705\/revisions\/30823"}],"wp:featuredmedia":[{"embeddable":true,"href":"https:\/\/www.kle-blatt.de\/blog\/wp-json\/wp\/v2\/media\/23706"}],"wp:attachment":[{"href":"https:\/\/www.kle-blatt.de\/blog\/wp-json\/wp\/v2\/media?parent=23705"}],"wp:term":[{"taxonomy":"category","embeddable":true,"href":"https:\/\/www.kle-blatt.de\/blog\/wp-json\/wp\/v2\/categories?post=23705"},{"taxonomy":"post_tag","embeddable":true,"href":"https:\/\/www.kle-blatt.de\/blog\/wp-json\/wp\/v2\/tags?post=23705"}],"curies":[{"name":"wp","href":"https:\/\/api.w.org\/{rel}","templated":true}]}}