{"id":23708,"date":"2022-07-19T06:10:06","date_gmt":"2022-07-19T04:10:06","guid":{"rendered":"http:\/\/www.kle-blatt.de\/blog\/?p=23708"},"modified":"2022-06-25T11:20:06","modified_gmt":"2022-06-25T09:20:06","slug":"als-ueber-kleve-noch-die-duftglocke-lag","status":"publish","type":"post","link":"https:\/\/www.kle-blatt.de\/blog\/kleve-in-foto-video\/als-ueber-kleve-noch-die-duftglocke-lag.html","title":{"rendered":"Als \u00fcber Kleve noch die Duftglocke lag"},"content":{"rendered":"<p><strong>Als \u00fcber Kleve noch die Duftglocke lag<\/strong><\/p>\n<p>Jahrelang besa\u00df die Stadt Kleve einen eigenen Duft, der permanent in der Luft hing. Mal war es etwas wie Schokolade, dann wie Erdn\u00fcsse, aber immer ganz speziell und unverkennbar. Man hatte sich daran fast schon gew\u00f6hnt und assoziierte diesen Geruch auch woanders immer mit Kleve. Nicht unschuldig daran war die Lebensmittelindustrie, die derzeit noch anderen Emmissionsgesetzen unterlag als heute. Markant aus dieser Zeit sehen wir hier das Unternehmen Bensdorp mit ihrer Produktion von Kakao und Schokolade.<\/p>\n<p><img loading=\"lazy\" decoding=\"async\" class=\"alignleft size-full wp-image-23709\" src=\"http:\/\/www.kle-blatt.de\/blog\/wp-content\/uploads\/2018\/06\/bensdorp-peter-nengel.jpg\" alt=\"Als \u00fcber Kleve noch die Duftglocke lag\" width=\"849\" height=\"625\" srcset=\"https:\/\/www.kle-blatt.de\/blog\/wp-content\/uploads\/2018\/06\/bensdorp-peter-nengel.jpg 849w, https:\/\/www.kle-blatt.de\/blog\/wp-content\/uploads\/2018\/06\/bensdorp-peter-nengel-300x221.jpg 300w, https:\/\/www.kle-blatt.de\/blog\/wp-content\/uploads\/2018\/06\/bensdorp-peter-nengel-768x565.jpg 768w\" sizes=\"auto, (max-width: 849px) 100vw, 849px\" \/><\/p>\n","protected":false},"excerpt":{"rendered":"<p>Als \u00fcber Kleve noch die Duftglocke lag Jahrelang besa\u00df die Stadt Kleve einen eigenen Duft, der permanent in der Luft &hellip; <a href=\"https:\/\/www.kle-blatt.de\/blog\/kleve-in-foto-video\/als-ueber-kleve-noch-die-duftglocke-lag.html\" class=\"more-link\"><span class=\"more-button\">Weiterlesen<span class=\"screen-reader-text\">Als \u00fcber Kleve noch die Duftglocke lag<\/span><\/span><\/a><\/p>\n","protected":false},"author":2,"featured_media":23709,"comment_status":"open","ping_status":"closed","sticky":false,"template":"","format":"standard","meta":{"footnotes":""},"categories":[3],"tags":[4752],"class_list":["post-23708","post","type-post","status-publish","format-standard","has-post-thumbnail","hentry","category-kleve-in-foto-video","tag-als-ueber-kleve-noch-die-duftglocke-lag"],"_links":{"self":[{"href":"https:\/\/www.kle-blatt.de\/blog\/wp-json\/wp\/v2\/posts\/23708","targetHints":{"allow":["GET"]}}],"collection":[{"href":"https:\/\/www.kle-blatt.de\/blog\/wp-json\/wp\/v2\/posts"}],"about":[{"href":"https:\/\/www.kle-blatt.de\/blog\/wp-json\/wp\/v2\/types\/post"}],"author":[{"embeddable":true,"href":"https:\/\/www.kle-blatt.de\/blog\/wp-json\/wp\/v2\/users\/2"}],"replies":[{"embeddable":true,"href":"https:\/\/www.kle-blatt.de\/blog\/wp-json\/wp\/v2\/comments?post=23708"}],"version-history":[{"count":2,"href":"https:\/\/www.kle-blatt.de\/blog\/wp-json\/wp\/v2\/posts\/23708\/revisions"}],"predecessor-version":[{"id":30723,"href":"https:\/\/www.kle-blatt.de\/blog\/wp-json\/wp\/v2\/posts\/23708\/revisions\/30723"}],"wp:featuredmedia":[{"embeddable":true,"href":"https:\/\/www.kle-blatt.de\/blog\/wp-json\/wp\/v2\/media\/23709"}],"wp:attachment":[{"href":"https:\/\/www.kle-blatt.de\/blog\/wp-json\/wp\/v2\/media?parent=23708"}],"wp:term":[{"taxonomy":"category","embeddable":true,"href":"https:\/\/www.kle-blatt.de\/blog\/wp-json\/wp\/v2\/categories?post=23708"},{"taxonomy":"post_tag","embeddable":true,"href":"https:\/\/www.kle-blatt.de\/blog\/wp-json\/wp\/v2\/tags?post=23708"}],"curies":[{"name":"wp","href":"https:\/\/api.w.org\/{rel}","templated":true}]}}