{"id":23725,"date":"2021-07-28T06:00:38","date_gmt":"2021-07-28T04:00:38","guid":{"rendered":"http:\/\/www.kle-blatt.de\/blog\/?p=23725"},"modified":"2021-06-22T11:48:23","modified_gmt":"2021-06-22T09:48:23","slug":"die-klever-sonne-und-ihre-blumen","status":"publish","type":"post","link":"https:\/\/www.kle-blatt.de\/blog\/kleve-in-foto-video\/aus-dem-privatalbum\/die-klever-sonne-und-ihre-blumen.html","title":{"rendered":"Wer hat sie auch im Garten? Die Klever Sonne und ihre Blumen"},"content":{"rendered":"<p><strong>Wer hat sie auch im Garten? Die Klever Sonne und ihre Blumen<\/strong><\/p>\n<p>Was w\u00e4re der Sommer ohne die dazu geh\u00f6rigen Sonnenblumen? Daher hier dieses gro\u00dfartige Foto, das auf einer Wiese in Kleve geschossen wurde.<\/p>\n<p><img loading=\"lazy\" decoding=\"async\" class=\"size-full wp-image-23726 aligncenter\" src=\"https:\/\/www.kle-blatt.de\/blog\/wp-content\/uploads\/2018\/06\/sonnenblumen-in-kleve.jpg\" alt=\"Wer hat sie auch im Garten? Die Klever Sonne und ihre Blumen\" width=\"850\" height=\"540\" \/><br \/>\n(Foto: Ralf Heyden)<\/p>\n","protected":false},"excerpt":{"rendered":"<p>Wer hat sie auch im Garten? Die Klever Sonne und ihre Blumen Was w\u00e4re der Sommer ohne die dazu geh\u00f6rigen &hellip; <a href=\"https:\/\/www.kle-blatt.de\/blog\/kleve-in-foto-video\/aus-dem-privatalbum\/die-klever-sonne-und-ihre-blumen.html\" class=\"more-link\"><span class=\"more-button\">Weiterlesen<span class=\"screen-reader-text\">Wer hat sie auch im Garten? Die Klever Sonne und ihre Blumen<\/span><\/span><\/a><\/p>\n","protected":false},"author":2,"featured_media":23726,"comment_status":"open","ping_status":"closed","sticky":false,"template":"","format":"standard","meta":{"footnotes":""},"categories":[20],"tags":[4757],"class_list":["post-23725","post","type-post","status-publish","format-standard","has-post-thumbnail","hentry","category-aus-dem-privatalbum","tag-die-klever-sonne-und-ihre-blumen"],"_links":{"self":[{"href":"https:\/\/www.kle-blatt.de\/blog\/wp-json\/wp\/v2\/posts\/23725","targetHints":{"allow":["GET"]}}],"collection":[{"href":"https:\/\/www.kle-blatt.de\/blog\/wp-json\/wp\/v2\/posts"}],"about":[{"href":"https:\/\/www.kle-blatt.de\/blog\/wp-json\/wp\/v2\/types\/post"}],"author":[{"embeddable":true,"href":"https:\/\/www.kle-blatt.de\/blog\/wp-json\/wp\/v2\/users\/2"}],"replies":[{"embeddable":true,"href":"https:\/\/www.kle-blatt.de\/blog\/wp-json\/wp\/v2\/comments?post=23725"}],"version-history":[{"count":2,"href":"https:\/\/www.kle-blatt.de\/blog\/wp-json\/wp\/v2\/posts\/23725\/revisions"}],"predecessor-version":[{"id":28988,"href":"https:\/\/www.kle-blatt.de\/blog\/wp-json\/wp\/v2\/posts\/23725\/revisions\/28988"}],"wp:featuredmedia":[{"embeddable":true,"href":"https:\/\/www.kle-blatt.de\/blog\/wp-json\/wp\/v2\/media\/23726"}],"wp:attachment":[{"href":"https:\/\/www.kle-blatt.de\/blog\/wp-json\/wp\/v2\/media?parent=23725"}],"wp:term":[{"taxonomy":"category","embeddable":true,"href":"https:\/\/www.kle-blatt.de\/blog\/wp-json\/wp\/v2\/categories?post=23725"},{"taxonomy":"post_tag","embeddable":true,"href":"https:\/\/www.kle-blatt.de\/blog\/wp-json\/wp\/v2\/tags?post=23725"}],"curies":[{"name":"wp","href":"https:\/\/api.w.org\/{rel}","templated":true}]}}