{"id":2375,"date":"2024-04-10T07:00:35","date_gmt":"2024-04-10T05:00:35","guid":{"rendered":"http:\/\/www.kle-blatt.de\/blog\/?p=2375"},"modified":"2024-03-08T15:21:14","modified_gmt":"2024-03-08T13:21:14","slug":"krotenwanderung-im-kleverland","status":"publish","type":"post","link":"https:\/\/www.kle-blatt.de\/blog\/kleve-in-foto-video\/aus-dem-privatalbum\/krotenwanderung-im-kleverland.html","title":{"rendered":"Auch gesehen? Kr\u00f6ten Huckepack"},"content":{"rendered":"<p><strong>Auch gesehen? Kr\u00f6ten Huckepack<\/strong><\/p>\n<p>Heute Morgen klopfte es permanent gegen die Terrassent\u00fcr. Oberfl\u00e4chlich lie\u00df sich der Grund nicht sofort erkennen, aber bei n\u00e4herem Hinsehen konnte man eine Kr\u00f6te mit Passagier auf dem R\u00fccken entdecken, die um Einlass bat.<br \/>\nDa momentan wieder die Zeit der Kr\u00f6tenwanderung in Kleve und Umgebung angebrochen ist, geh\u00f6rt solch ein Vorfall zu den normalen Dingen im Fr\u00fchling.<br \/>\nWas aber macht die zweite Kr\u00f6te auf dem R\u00fccken? Dazu gibt es folgende Erkl\u00e4rungen:<\/p>\n<p>1. Sie hat sich verletzt und muss nach Hause getragen werden<br \/>\n2. Es handelt sich um die Frau, die Ihren Mann nicht allein ausgehen lassen will<br \/>\n3. Es ist ein Reiter-Wettbewerb unter Fr\u00f6schen im Gange<br \/>\n4. Es handelt sich um ein Kr\u00f6ten-Taxi<br \/>\n5. Das Junge ist zu faul zum Laufen<\/p>\n<p>Egal, was davon zutrifft &#8211; passt bitte alle ein wenig auf und schaut auch mal nach unten, was dort so h\u00fcpft. \ud83d\ude42<\/p>\n<p><a href=\"http:\/\/www.kle-blatt.de\/blog\/wp-content\/uploads\/2013\/04\/kroete1.jpg\"><img loading=\"lazy\" decoding=\"async\" class=\"size-full wp-image-2376 aligncenter\" src=\"http:\/\/www.kle-blatt.de\/blog\/wp-content\/uploads\/2013\/04\/kroete1.jpg\" alt=\"Auch gesehen? Kr\u00f6ten Huckepack\" width=\"850\" height=\"539\" \/><\/a><br \/>\n(Foto: KLE-Blatt)<\/p>\n<p><a href=\"http:\/\/www.kle-blatt.de\/blog\/wp-content\/uploads\/2013\/04\/kroete.jpg\"><img loading=\"lazy\" decoding=\"async\" class=\"size-full wp-image-2377 aligncenter\" src=\"http:\/\/www.kle-blatt.de\/blog\/wp-content\/uploads\/2013\/04\/kroete.jpg\" alt=\"Auch gesehen? Kr\u00f6ten Huckepack\" width=\"850\" height=\"539\" \/><\/a><br \/>\n(Foto: KLE-Blatt)<\/p>\n","protected":false},"excerpt":{"rendered":"<p>Auch gesehen? Kr\u00f6ten Huckepack Heute Morgen klopfte es permanent gegen die Terrassent\u00fcr. Oberfl\u00e4chlich lie\u00df sich der Grund nicht sofort erkennen, &hellip; <a href=\"https:\/\/www.kle-blatt.de\/blog\/kleve-in-foto-video\/aus-dem-privatalbum\/krotenwanderung-im-kleverland.html\" class=\"more-link\"><span class=\"more-button\">Weiterlesen<span class=\"screen-reader-text\">Auch gesehen? Kr\u00f6ten Huckepack<\/span><\/span><\/a><\/p>\n","protected":false},"author":2,"featured_media":2376,"comment_status":"closed","ping_status":"closed","sticky":false,"template":"","format":"standard","meta":{"footnotes":""},"categories":[20],"tags":[5326,652],"class_list":["post-2375","post","type-post","status-publish","format-standard","has-post-thumbnail","hentry","category-aus-dem-privatalbum","tag-auch-gesehen-kroeten-huckepack","tag-krotenwanderung-im-kleverland"],"_links":{"self":[{"href":"https:\/\/www.kle-blatt.de\/blog\/wp-json\/wp\/v2\/posts\/2375","targetHints":{"allow":["GET"]}}],"collection":[{"href":"https:\/\/www.kle-blatt.de\/blog\/wp-json\/wp\/v2\/posts"}],"about":[{"href":"https:\/\/www.kle-blatt.de\/blog\/wp-json\/wp\/v2\/types\/post"}],"author":[{"embeddable":true,"href":"https:\/\/www.kle-blatt.de\/blog\/wp-json\/wp\/v2\/users\/2"}],"replies":[{"embeddable":true,"href":"https:\/\/www.kle-blatt.de\/blog\/wp-json\/wp\/v2\/comments?post=2375"}],"version-history":[{"count":1,"href":"https:\/\/www.kle-blatt.de\/blog\/wp-json\/wp\/v2\/posts\/2375\/revisions"}],"predecessor-version":[{"id":33590,"href":"https:\/\/www.kle-blatt.de\/blog\/wp-json\/wp\/v2\/posts\/2375\/revisions\/33590"}],"wp:featuredmedia":[{"embeddable":true,"href":"https:\/\/www.kle-blatt.de\/blog\/wp-json\/wp\/v2\/media\/2376"}],"wp:attachment":[{"href":"https:\/\/www.kle-blatt.de\/blog\/wp-json\/wp\/v2\/media?parent=2375"}],"wp:term":[{"taxonomy":"category","embeddable":true,"href":"https:\/\/www.kle-blatt.de\/blog\/wp-json\/wp\/v2\/categories?post=2375"},{"taxonomy":"post_tag","embeddable":true,"href":"https:\/\/www.kle-blatt.de\/blog\/wp-json\/wp\/v2\/tags?post=2375"}],"curies":[{"name":"wp","href":"https:\/\/api.w.org\/{rel}","templated":true}]}}