{"id":23762,"date":"2022-07-21T06:10:37","date_gmt":"2022-07-21T04:10:37","guid":{"rendered":"http:\/\/www.kle-blatt.de\/blog\/?p=23762"},"modified":"2022-07-02T11:02:07","modified_gmt":"2022-07-02T09:02:07","slug":"feinkost-peters-an-der-alten-neue-mitte","status":"publish","type":"post","link":"https:\/\/www.kle-blatt.de\/blog\/kleve-in-foto-video\/feinkost-peters-an-der-alten-neue-mitte.html","title":{"rendered":"Feinkost Peters an der alten Neue Mitte"},"content":{"rendered":"<p><strong>Feinkost Peters an der alten Neue Mitte<\/strong><\/p>\n<p>Ein leichter Duft von Fisch str\u00f6mte einen in die Nase, wenn man in das Gesch\u00e4ft ging oder daran vorbei lief. Die Auswahl entsprach den Anf\u00e4ngen des Wirtschaftswunders und offerierte direkt nach dem Krieg erstmals erlesene Spezialit\u00e4ten aus aller Welt. Allerdings konnte der Klever Normalb\u00fcrger mit den damaligen Preisen nicht mithalten und so war das Sortiment lediglich den etwas finanziell potenteren Menschen vorbehalten. Dieser Umstand f\u00fchrte jedoch auch dazu, dass manche Leckerei weit \u00fcber das Mindest-Haltbarkeitsdatum hinausschoss, was letztlich wohl zur Aufgabe f\u00fchrte.<\/p>\n<p><img loading=\"lazy\" decoding=\"async\" class=\"size-full wp-image-23763 aligncenter\" src=\"https:\/\/www.kle-blatt.de\/blog\/wp-content\/uploads\/2018\/07\/feinkost-peters1.jpg\" alt=\"Feinkost Peters an der alten Neue Mitte\" width=\"850\" height=\"916\" srcset=\"https:\/\/www.kle-blatt.de\/blog\/wp-content\/uploads\/2018\/07\/feinkost-peters1.jpg 850w, https:\/\/www.kle-blatt.de\/blog\/wp-content\/uploads\/2018\/07\/feinkost-peters1-278x300.jpg 278w, https:\/\/www.kle-blatt.de\/blog\/wp-content\/uploads\/2018\/07\/feinkost-peters1-768x828.jpg 768w\" sizes=\"auto, (max-width: 850px) 100vw, 850px\" \/><\/p>\n","protected":false},"excerpt":{"rendered":"<p>Feinkost Peters an der alten Neue Mitte Ein leichter Duft von Fisch str\u00f6mte einen in die Nase, wenn man in &hellip; <a href=\"https:\/\/www.kle-blatt.de\/blog\/kleve-in-foto-video\/feinkost-peters-an-der-alten-neue-mitte.html\" class=\"more-link\"><span class=\"more-button\">Weiterlesen<span class=\"screen-reader-text\">Feinkost Peters an der alten Neue Mitte<\/span><\/span><\/a><\/p>\n","protected":false},"author":2,"featured_media":23763,"comment_status":"open","ping_status":"closed","sticky":false,"template":"","format":"standard","meta":{"footnotes":""},"categories":[3],"tags":[4765],"class_list":["post-23762","post","type-post","status-publish","format-standard","has-post-thumbnail","hentry","category-kleve-in-foto-video","tag-feinkost-peters-an-der-alten-neue-mitte"],"_links":{"self":[{"href":"https:\/\/www.kle-blatt.de\/blog\/wp-json\/wp\/v2\/posts\/23762","targetHints":{"allow":["GET"]}}],"collection":[{"href":"https:\/\/www.kle-blatt.de\/blog\/wp-json\/wp\/v2\/posts"}],"about":[{"href":"https:\/\/www.kle-blatt.de\/blog\/wp-json\/wp\/v2\/types\/post"}],"author":[{"embeddable":true,"href":"https:\/\/www.kle-blatt.de\/blog\/wp-json\/wp\/v2\/users\/2"}],"replies":[{"embeddable":true,"href":"https:\/\/www.kle-blatt.de\/blog\/wp-json\/wp\/v2\/comments?post=23762"}],"version-history":[{"count":2,"href":"https:\/\/www.kle-blatt.de\/blog\/wp-json\/wp\/v2\/posts\/23762\/revisions"}],"predecessor-version":[{"id":30751,"href":"https:\/\/www.kle-blatt.de\/blog\/wp-json\/wp\/v2\/posts\/23762\/revisions\/30751"}],"wp:featuredmedia":[{"embeddable":true,"href":"https:\/\/www.kle-blatt.de\/blog\/wp-json\/wp\/v2\/media\/23763"}],"wp:attachment":[{"href":"https:\/\/www.kle-blatt.de\/blog\/wp-json\/wp\/v2\/media?parent=23762"}],"wp:term":[{"taxonomy":"category","embeddable":true,"href":"https:\/\/www.kle-blatt.de\/blog\/wp-json\/wp\/v2\/categories?post=23762"},{"taxonomy":"post_tag","embeddable":true,"href":"https:\/\/www.kle-blatt.de\/blog\/wp-json\/wp\/v2\/tags?post=23762"}],"curies":[{"name":"wp","href":"https:\/\/api.w.org\/{rel}","templated":true}]}}