{"id":23766,"date":"2018-07-18T07:00:31","date_gmt":"2018-07-18T05:00:31","guid":{"rendered":"http:\/\/www.kle-blatt.de\/blog\/?p=23766"},"modified":"2018-07-17T11:36:50","modified_gmt":"2018-07-17T09:36:50","slug":"hast-du-den-federbaum-von-kleve-schonmal-gesehen","status":"publish","type":"post","link":"https:\/\/www.kle-blatt.de\/blog\/kleve-in-foto-video\/aus-dem-privatalbum\/hast-du-den-federbaum-von-kleve-schonmal-gesehen.html","title":{"rendered":"Hast Du den Federbaum von Kleve schonmal gesehen?"},"content":{"rendered":"<p><strong>Hast Du den Federbaum von Kleve schonmal gesehen?<\/strong><\/p>\n<p>Du findest ihn im Forstgarten am Rande der Draisinen-Gleise. Es sieht aus, als w\u00fcrden aus einem Baumstumpf Federn heraus wachsen. Wer hat sich wohl diese Arbeit gemacht? Doch vor allen Dingen: Woher stammen die schwarzen &#8211; vermutlich &#8211; Kr\u00e4henfedern? Oder ist es eventuell lediglich ein Ersatz-Depot f\u00fcr angehende Indianer? Wei\u00dft Du die Antwort?<\/p>\n<p><img loading=\"lazy\" decoding=\"async\" class=\"alignleft size-full wp-image-23767\" src=\"http:\/\/www.kle-blatt.de\/blog\/wp-content\/uploads\/2018\/07\/federbaum.jpg\" alt=\"Hast Du den Federbaum von Kleve schonmal gesehen?\" width=\"850\" height=\"638\" srcset=\"https:\/\/www.kle-blatt.de\/blog\/wp-content\/uploads\/2018\/07\/federbaum.jpg 850w, https:\/\/www.kle-blatt.de\/blog\/wp-content\/uploads\/2018\/07\/federbaum-300x225.jpg 300w, https:\/\/www.kle-blatt.de\/blog\/wp-content\/uploads\/2018\/07\/federbaum-768x576.jpg 768w\" sizes=\"auto, (max-width: 850px) 100vw, 850px\" \/><br \/>\n(Foto: KLE-Blatt)<\/p>\n","protected":false},"excerpt":{"rendered":"<p>Hast Du den Federbaum von Kleve schonmal gesehen? Du findest ihn im Forstgarten am Rande der Draisinen-Gleise. Es sieht aus, &hellip; <a href=\"https:\/\/www.kle-blatt.de\/blog\/kleve-in-foto-video\/aus-dem-privatalbum\/hast-du-den-federbaum-von-kleve-schonmal-gesehen.html\" class=\"more-link\"><span class=\"more-button\">Weiterlesen<span class=\"screen-reader-text\">Hast Du den Federbaum von Kleve schonmal gesehen?<\/span><\/span><\/a><\/p>\n","protected":false},"author":2,"featured_media":0,"comment_status":"open","ping_status":"closed","sticky":false,"template":"","format":"standard","meta":{"footnotes":""},"categories":[20],"tags":[4766],"class_list":["post-23766","post","type-post","status-publish","format-standard","hentry","category-aus-dem-privatalbum","tag-hast-du-den-federbaum-von-kleve-schonmal-gesehen"],"_links":{"self":[{"href":"https:\/\/www.kle-blatt.de\/blog\/wp-json\/wp\/v2\/posts\/23766","targetHints":{"allow":["GET"]}}],"collection":[{"href":"https:\/\/www.kle-blatt.de\/blog\/wp-json\/wp\/v2\/posts"}],"about":[{"href":"https:\/\/www.kle-blatt.de\/blog\/wp-json\/wp\/v2\/types\/post"}],"author":[{"embeddable":true,"href":"https:\/\/www.kle-blatt.de\/blog\/wp-json\/wp\/v2\/users\/2"}],"replies":[{"embeddable":true,"href":"https:\/\/www.kle-blatt.de\/blog\/wp-json\/wp\/v2\/comments?post=23766"}],"version-history":[{"count":0,"href":"https:\/\/www.kle-blatt.de\/blog\/wp-json\/wp\/v2\/posts\/23766\/revisions"}],"wp:attachment":[{"href":"https:\/\/www.kle-blatt.de\/blog\/wp-json\/wp\/v2\/media?parent=23766"}],"wp:term":[{"taxonomy":"category","embeddable":true,"href":"https:\/\/www.kle-blatt.de\/blog\/wp-json\/wp\/v2\/categories?post=23766"},{"taxonomy":"post_tag","embeddable":true,"href":"https:\/\/www.kle-blatt.de\/blog\/wp-json\/wp\/v2\/tags?post=23766"}],"curies":[{"name":"wp","href":"https:\/\/api.w.org\/{rel}","templated":true}]}}