{"id":23855,"date":"2022-08-27T06:00:16","date_gmt":"2022-08-27T04:00:16","guid":{"rendered":"http:\/\/www.kle-blatt.de\/blog\/?p=23855"},"modified":"2022-07-19T12:13:59","modified_gmt":"2022-07-19T10:13:59","slug":"erinnerst-du-dich-an-die-80er-am-marstall","status":"publish","type":"post","link":"https:\/\/www.kle-blatt.de\/blog\/kleve-in-foto-video\/aus-dem-privatalbum\/erinnerst-du-dich-an-die-80er-am-marstall.html","title":{"rendered":"Erinnerst Du Dich an die 80er am Marstall?"},"content":{"rendered":"<p><strong>Erinnerst Du Dich an die 80er am Marstall?<\/strong><\/p>\n<p>Zu diesen Zeiten sieht man hier noch den damaligen Platz f\u00fcr den Weihnachtsmarkt. Au\u00dferdem gab es noch ein paar Parkpl\u00e4tze mehr als heute.<\/p>\n<p><img loading=\"lazy\" decoding=\"async\" class=\"size-full wp-image-23856 aligncenter\" src=\"https:\/\/www.kle-blatt.de\/blog\/wp-content\/uploads\/2018\/07\/marstall-80er-alfred-derks.jpg\" alt=\"Erinnerst Du Dich an die 80er am Marstall?\" width=\"850\" height=\"576\" srcset=\"https:\/\/www.kle-blatt.de\/blog\/wp-content\/uploads\/2018\/07\/marstall-80er-alfred-derks.jpg 850w, https:\/\/www.kle-blatt.de\/blog\/wp-content\/uploads\/2018\/07\/marstall-80er-alfred-derks-300x203.jpg 300w, https:\/\/www.kle-blatt.de\/blog\/wp-content\/uploads\/2018\/07\/marstall-80er-alfred-derks-768x520.jpg 768w\" sizes=\"auto, (max-width: 850px) 100vw, 850px\" \/><br \/>\n(Foto: Alfred Derks)<\/p>\n","protected":false},"excerpt":{"rendered":"<p>Erinnerst Du Dich an die 80er am Marstall? Zu diesen Zeiten sieht man hier noch den damaligen Platz f\u00fcr den &hellip; <a href=\"https:\/\/www.kle-blatt.de\/blog\/kleve-in-foto-video\/aus-dem-privatalbum\/erinnerst-du-dich-an-die-80er-am-marstall.html\" class=\"more-link\"><span class=\"more-button\">Weiterlesen<span class=\"screen-reader-text\">Erinnerst Du Dich an die 80er am Marstall?<\/span><\/span><\/a><\/p>\n","protected":false},"author":2,"featured_media":23856,"comment_status":"open","ping_status":"closed","sticky":false,"template":"","format":"standard","meta":{"footnotes":""},"categories":[20],"tags":[4777],"class_list":["post-23855","post","type-post","status-publish","format-standard","has-post-thumbnail","hentry","category-aus-dem-privatalbum","tag-erinnerst-du-dich-an-die-80er-am-marstall"],"_links":{"self":[{"href":"https:\/\/www.kle-blatt.de\/blog\/wp-json\/wp\/v2\/posts\/23855","targetHints":{"allow":["GET"]}}],"collection":[{"href":"https:\/\/www.kle-blatt.de\/blog\/wp-json\/wp\/v2\/posts"}],"about":[{"href":"https:\/\/www.kle-blatt.de\/blog\/wp-json\/wp\/v2\/types\/post"}],"author":[{"embeddable":true,"href":"https:\/\/www.kle-blatt.de\/blog\/wp-json\/wp\/v2\/users\/2"}],"replies":[{"embeddable":true,"href":"https:\/\/www.kle-blatt.de\/blog\/wp-json\/wp\/v2\/comments?post=23855"}],"version-history":[{"count":1,"href":"https:\/\/www.kle-blatt.de\/blog\/wp-json\/wp\/v2\/posts\/23855\/revisions"}],"predecessor-version":[{"id":30857,"href":"https:\/\/www.kle-blatt.de\/blog\/wp-json\/wp\/v2\/posts\/23855\/revisions\/30857"}],"wp:featuredmedia":[{"embeddable":true,"href":"https:\/\/www.kle-blatt.de\/blog\/wp-json\/wp\/v2\/media\/23856"}],"wp:attachment":[{"href":"https:\/\/www.kle-blatt.de\/blog\/wp-json\/wp\/v2\/media?parent=23855"}],"wp:term":[{"taxonomy":"category","embeddable":true,"href":"https:\/\/www.kle-blatt.de\/blog\/wp-json\/wp\/v2\/categories?post=23855"},{"taxonomy":"post_tag","embeddable":true,"href":"https:\/\/www.kle-blatt.de\/blog\/wp-json\/wp\/v2\/tags?post=23855"}],"curies":[{"name":"wp","href":"https:\/\/api.w.org\/{rel}","templated":true}]}}