{"id":23952,"date":"2023-09-15T07:10:08","date_gmt":"2023-09-15T05:10:08","guid":{"rendered":"https:\/\/www.kle-blatt.de\/blog\/?p=23952"},"modified":"2023-08-14T11:37:07","modified_gmt":"2023-08-14T09:37:07","slug":"ein-bummel-durch-kleve-in-1983","status":"publish","type":"post","link":"https:\/\/www.kle-blatt.de\/blog\/kleve-in-foto-video\/ein-bummel-durch-kleve-in-1983.html","title":{"rendered":"Schau mal: Ein Bummel durch Kleve in 1983"},"content":{"rendered":"<p><strong>Schau mal: Ein Bummel durch Kleve in 1983<\/strong><\/p>\n<p>Es war die Zeit, als Autos noch durch die Gro\u00dfe Stra\u00dfe und die Hagschestra\u00dfe fahren durften und ist mittlerweile 40 Jahre her. Allerdings werden sich noch viele gerne an diese Zeit erinnern. Daher hier ein Video von Hape P\u00fcplichhuisen, das diese Zeit nochmal aufleben l\u00e4sst. Die Qualit\u00e4t ist halt der Zeit geschuldet. Viel Vergn\u00fcgen.<\/p>\n<p><a href=\"https:\/\/www.dropbox.com\/sh\/n0wm4dccbjjwz6j\/AAAiTazocuOUziVVMwyPghLra?dl=0&amp;preview=Stadt+Kleve+im+Jahr+1983.mp4\"><strong><span style=\"color: #ff0000;\">KLICK MICH!<\/span><\/strong><\/a><\/p>\n<p><img loading=\"lazy\" decoding=\"async\" class=\"size-full wp-image-23989 aligncenter\" src=\"https:\/\/www.kle-blatt.de\/blog\/wp-content\/uploads\/2018\/08\/bummel-durch-kleve.jpg\" alt=\"Schau mal: Ein Bummel durch Kleve in 1983\" width=\"850\" height=\"658\" srcset=\"https:\/\/www.kle-blatt.de\/blog\/wp-content\/uploads\/2018\/08\/bummel-durch-kleve.jpg 850w, https:\/\/www.kle-blatt.de\/blog\/wp-content\/uploads\/2018\/08\/bummel-durch-kleve-300x232.jpg 300w, https:\/\/www.kle-blatt.de\/blog\/wp-content\/uploads\/2018\/08\/bummel-durch-kleve-768x595.jpg 768w\" sizes=\"auto, (max-width: 850px) 100vw, 850px\" \/><\/p>\n","protected":false},"excerpt":{"rendered":"<p>Schau mal: Ein Bummel durch Kleve in 1983 Es war die Zeit, als Autos noch durch die Gro\u00dfe Stra\u00dfe und &hellip; <a href=\"https:\/\/www.kle-blatt.de\/blog\/kleve-in-foto-video\/ein-bummel-durch-kleve-in-1983.html\" class=\"more-link\"><span class=\"more-button\">Weiterlesen<span class=\"screen-reader-text\">Schau mal: Ein Bummel durch Kleve in 1983<\/span><\/span><\/a><\/p>\n","protected":false},"author":2,"featured_media":23989,"comment_status":"closed","ping_status":"closed","sticky":false,"template":"","format":"standard","meta":{"footnotes":""},"categories":[3],"tags":[4794],"class_list":["post-23952","post","type-post","status-publish","format-standard","has-post-thumbnail","hentry","category-kleve-in-foto-video","tag-ein-bummel-durch-kleve-in-1983"],"_links":{"self":[{"href":"https:\/\/www.kle-blatt.de\/blog\/wp-json\/wp\/v2\/posts\/23952","targetHints":{"allow":["GET"]}}],"collection":[{"href":"https:\/\/www.kle-blatt.de\/blog\/wp-json\/wp\/v2\/posts"}],"about":[{"href":"https:\/\/www.kle-blatt.de\/blog\/wp-json\/wp\/v2\/types\/post"}],"author":[{"embeddable":true,"href":"https:\/\/www.kle-blatt.de\/blog\/wp-json\/wp\/v2\/users\/2"}],"replies":[{"embeddable":true,"href":"https:\/\/www.kle-blatt.de\/blog\/wp-json\/wp\/v2\/comments?post=23952"}],"version-history":[{"count":2,"href":"https:\/\/www.kle-blatt.de\/blog\/wp-json\/wp\/v2\/posts\/23952\/revisions"}],"predecessor-version":[{"id":32584,"href":"https:\/\/www.kle-blatt.de\/blog\/wp-json\/wp\/v2\/posts\/23952\/revisions\/32584"}],"wp:featuredmedia":[{"embeddable":true,"href":"https:\/\/www.kle-blatt.de\/blog\/wp-json\/wp\/v2\/media\/23989"}],"wp:attachment":[{"href":"https:\/\/www.kle-blatt.de\/blog\/wp-json\/wp\/v2\/media?parent=23952"}],"wp:term":[{"taxonomy":"category","embeddable":true,"href":"https:\/\/www.kle-blatt.de\/blog\/wp-json\/wp\/v2\/categories?post=23952"},{"taxonomy":"post_tag","embeddable":true,"href":"https:\/\/www.kle-blatt.de\/blog\/wp-json\/wp\/v2\/tags?post=23952"}],"curies":[{"name":"wp","href":"https:\/\/api.w.org\/{rel}","templated":true}]}}