{"id":23982,"date":"2022-09-17T06:10:11","date_gmt":"2022-09-17T04:10:11","guid":{"rendered":"https:\/\/www.kle-blatt.de\/blog\/?p=23982"},"modified":"2022-08-29T13:52:15","modified_gmt":"2022-08-29T11:52:15","slug":"hast-du-auch-waldbeeren-gepflueckt","status":"publish","type":"post","link":"https:\/\/www.kle-blatt.de\/blog\/kleve-in-foto-video\/aus-dem-privatalbum\/hast-du-auch-waldbeeren-gepflueckt.html","title":{"rendered":"Hast Du auch Waldbeeren gepfl\u00fcckt?"},"content":{"rendered":"<p><strong>Hast Du auch Waldbeeren gepfl\u00fcckt?<\/strong><\/p>\n<p>Wenn man dar\u00fcber nachdenkt, das zum Beispiel Heidelbeeren f\u00fcr knapp 3.-\u20ac per 100 Gramm zu kaufen sind, dann kommt man ans Gr\u00fcbeln. Fr\u00fcher war es \u00fcblich, das Vater und\/oder Mutter mit den Kindern in den Wald gingen, um frische Beeren aller Art zu pfl\u00fccken. Warst Du auch dabei?<\/p>\n<p><img loading=\"lazy\" decoding=\"async\" class=\"size-full wp-image-23983 aligncenter\" src=\"https:\/\/www.kle-blatt.de\/blog\/wp-content\/uploads\/2018\/08\/waldbeerernte-bertram-winterberg.jpg\" alt=\"Hast Du auch Waldbeeren gepfl\u00fcckt?\" width=\"850\" height=\"502\" srcset=\"https:\/\/www.kle-blatt.de\/blog\/wp-content\/uploads\/2018\/08\/waldbeerernte-bertram-winterberg.jpg 950w, https:\/\/www.kle-blatt.de\/blog\/wp-content\/uploads\/2018\/08\/waldbeerernte-bertram-winterberg-300x177.jpg 300w, https:\/\/www.kle-blatt.de\/blog\/wp-content\/uploads\/2018\/08\/waldbeerernte-bertram-winterberg-768x454.jpg 768w\" sizes=\"auto, (max-width: 850px) 100vw, 850px\" \/><br \/>\n(Foto: Bertram Winterberg)<\/p>\n","protected":false},"excerpt":{"rendered":"<p>Hast Du auch Waldbeeren gepfl\u00fcckt? Wenn man dar\u00fcber nachdenkt, das zum Beispiel Heidelbeeren f\u00fcr knapp 3.-\u20ac per 100 Gramm zu &hellip; <a href=\"https:\/\/www.kle-blatt.de\/blog\/kleve-in-foto-video\/aus-dem-privatalbum\/hast-du-auch-waldbeeren-gepflueckt.html\" class=\"more-link\"><span class=\"more-button\">Weiterlesen<span class=\"screen-reader-text\">Hast Du auch Waldbeeren gepfl\u00fcckt?<\/span><\/span><\/a><\/p>\n","protected":false},"author":2,"featured_media":23983,"comment_status":"open","ping_status":"closed","sticky":false,"template":"","format":"standard","meta":{"footnotes":""},"categories":[20],"tags":[4792],"class_list":["post-23982","post","type-post","status-publish","format-standard","has-post-thumbnail","hentry","category-aus-dem-privatalbum","tag-hast-du-auch-waldbeeren-gepflueckt"],"_links":{"self":[{"href":"https:\/\/www.kle-blatt.de\/blog\/wp-json\/wp\/v2\/posts\/23982","targetHints":{"allow":["GET"]}}],"collection":[{"href":"https:\/\/www.kle-blatt.de\/blog\/wp-json\/wp\/v2\/posts"}],"about":[{"href":"https:\/\/www.kle-blatt.de\/blog\/wp-json\/wp\/v2\/types\/post"}],"author":[{"embeddable":true,"href":"https:\/\/www.kle-blatt.de\/blog\/wp-json\/wp\/v2\/users\/2"}],"replies":[{"embeddable":true,"href":"https:\/\/www.kle-blatt.de\/blog\/wp-json\/wp\/v2\/comments?post=23982"}],"version-history":[{"count":1,"href":"https:\/\/www.kle-blatt.de\/blog\/wp-json\/wp\/v2\/posts\/23982\/revisions"}],"predecessor-version":[{"id":30967,"href":"https:\/\/www.kle-blatt.de\/blog\/wp-json\/wp\/v2\/posts\/23982\/revisions\/30967"}],"wp:featuredmedia":[{"embeddable":true,"href":"https:\/\/www.kle-blatt.de\/blog\/wp-json\/wp\/v2\/media\/23983"}],"wp:attachment":[{"href":"https:\/\/www.kle-blatt.de\/blog\/wp-json\/wp\/v2\/media?parent=23982"}],"wp:term":[{"taxonomy":"category","embeddable":true,"href":"https:\/\/www.kle-blatt.de\/blog\/wp-json\/wp\/v2\/categories?post=23982"},{"taxonomy":"post_tag","embeddable":true,"href":"https:\/\/www.kle-blatt.de\/blog\/wp-json\/wp\/v2\/tags?post=23982"}],"curies":[{"name":"wp","href":"https:\/\/api.w.org\/{rel}","templated":true}]}}