{"id":23991,"date":"2022-09-25T06:10:50","date_gmt":"2022-09-25T04:10:50","guid":{"rendered":"https:\/\/www.kle-blatt.de\/blog\/?p=23991"},"modified":"2022-08-29T13:28:08","modified_gmt":"2022-08-29T11:28:08","slug":"grosse-strasse-in-kleve-vor-110-jahren","status":"publish","type":"post","link":"https:\/\/www.kle-blatt.de\/blog\/kleve-in-foto-video\/grosse-strasse-in-kleve-vor-110-jahren.html","title":{"rendered":"Gro\u00dfe Stra\u00dfe in Kleve vor 110 Jahren"},"content":{"rendered":"<p><strong>Gro\u00dfe Stra\u00dfe in Kleve vor 110 Jahren<\/strong><\/p>\n<p>Sch\u00f6n, das man die Zeit mit solchen wunderbaren Fotos zur\u00fcckholen kann. Ein Bild ohne Worte.<\/p>\n<p><img loading=\"lazy\" decoding=\"async\" class=\"size-full wp-image-23992 aligncenter\" src=\"https:\/\/www.kle-blatt.de\/blog\/wp-content\/uploads\/2018\/08\/gro\u00dfe-1908-reiner-grun.jpg\" alt=\"Gro\u00dfe Stra\u00dfe in Kleve vor 110 Jahren\" width=\"850\" height=\"1251\" srcset=\"https:\/\/www.kle-blatt.de\/blog\/wp-content\/uploads\/2018\/08\/gro\u00dfe-1908-reiner-grun.jpg 850w, https:\/\/www.kle-blatt.de\/blog\/wp-content\/uploads\/2018\/08\/gro\u00dfe-1908-reiner-grun-204x300.jpg 204w, https:\/\/www.kle-blatt.de\/blog\/wp-content\/uploads\/2018\/08\/gro\u00dfe-1908-reiner-grun-768x1130.jpg 768w, https:\/\/www.kle-blatt.de\/blog\/wp-content\/uploads\/2018\/08\/gro\u00dfe-1908-reiner-grun-696x1024.jpg 696w\" sizes=\"auto, (max-width: 850px) 100vw, 850px\" \/><br \/>\n(Bild gezeigt von Reiner Grun)<\/p>\n","protected":false},"excerpt":{"rendered":"<p>Gro\u00dfe Stra\u00dfe in Kleve vor 110 Jahren Sch\u00f6n, das man die Zeit mit solchen wunderbaren Fotos zur\u00fcckholen kann. Ein Bild &hellip; <a href=\"https:\/\/www.kle-blatt.de\/blog\/kleve-in-foto-video\/grosse-strasse-in-kleve-vor-110-jahren.html\" class=\"more-link\"><span class=\"more-button\">Weiterlesen<span class=\"screen-reader-text\">Gro\u00dfe Stra\u00dfe in Kleve vor 110 Jahren<\/span><\/span><\/a><\/p>\n","protected":false},"author":2,"featured_media":23992,"comment_status":"open","ping_status":"closed","sticky":false,"template":"","format":"standard","meta":{"footnotes":""},"categories":[3],"tags":[4795],"class_list":["post-23991","post","type-post","status-publish","format-standard","has-post-thumbnail","hentry","category-kleve-in-foto-video","tag-grosse-strasse-in-kleve-vor-110-jahren"],"_links":{"self":[{"href":"https:\/\/www.kle-blatt.de\/blog\/wp-json\/wp\/v2\/posts\/23991","targetHints":{"allow":["GET"]}}],"collection":[{"href":"https:\/\/www.kle-blatt.de\/blog\/wp-json\/wp\/v2\/posts"}],"about":[{"href":"https:\/\/www.kle-blatt.de\/blog\/wp-json\/wp\/v2\/types\/post"}],"author":[{"embeddable":true,"href":"https:\/\/www.kle-blatt.de\/blog\/wp-json\/wp\/v2\/users\/2"}],"replies":[{"embeddable":true,"href":"https:\/\/www.kle-blatt.de\/blog\/wp-json\/wp\/v2\/comments?post=23991"}],"version-history":[{"count":1,"href":"https:\/\/www.kle-blatt.de\/blog\/wp-json\/wp\/v2\/posts\/23991\/revisions"}],"predecessor-version":[{"id":30949,"href":"https:\/\/www.kle-blatt.de\/blog\/wp-json\/wp\/v2\/posts\/23991\/revisions\/30949"}],"wp:featuredmedia":[{"embeddable":true,"href":"https:\/\/www.kle-blatt.de\/blog\/wp-json\/wp\/v2\/media\/23992"}],"wp:attachment":[{"href":"https:\/\/www.kle-blatt.de\/blog\/wp-json\/wp\/v2\/media?parent=23991"}],"wp:term":[{"taxonomy":"category","embeddable":true,"href":"https:\/\/www.kle-blatt.de\/blog\/wp-json\/wp\/v2\/categories?post=23991"},{"taxonomy":"post_tag","embeddable":true,"href":"https:\/\/www.kle-blatt.de\/blog\/wp-json\/wp\/v2\/tags?post=23991"}],"curies":[{"name":"wp","href":"https:\/\/api.w.org\/{rel}","templated":true}]}}