{"id":24145,"date":"2022-11-29T06:10:52","date_gmt":"2022-11-29T04:10:52","guid":{"rendered":"https:\/\/www.kle-blatt.de\/blog\/?p=24145"},"modified":"2022-10-21T11:44:42","modified_gmt":"2022-10-21T09:44:42","slug":"kanntest-du-noch-die-station-cleveland-vom-western-express","status":"publish","type":"post","link":"https:\/\/www.kle-blatt.de\/blog\/kleve-in-foto-video\/aus-dem-privatalbum\/kanntest-du-noch-die-station-cleveland-vom-western-express.html","title":{"rendered":"Kanntest Du noch die Station Cleveland vom Western Express?"},"content":{"rendered":"<p><strong>Kanntest Du noch die Station Cleveland vom Western Express?<\/strong><\/p>\n<p>Ein wahrhaft historisches Foto einer damaligen Klever Diskothek, als alles anfing. Die Gesichter der jungen M\u00e4nner wurden hier &#8211; wohl aus datenschutzrechtlichen Gr\u00fcnden &#8211; unkenntlich gemacht, bis auf vermutlich das desjenigen, der das Bild auf Facebook zeigte.<br \/>\nEs ist schade, das die neuen Richtlinien immer schlimmere Bl\u00fcten treiben. Es handelt sich hier um ein vollkommen unschuldiges, unverf\u00e4ngliches Foto, welches ein Teil des Zeitgeschehens ist. Au\u00dferdem sehen s\u00e4mtliche Protagonisten heute anders aus, falls sie sich selbst darauf noch erkennen. \ud83d\ude09<\/p>\n<p><img loading=\"lazy\" decoding=\"async\" class=\"size-full wp-image-24146 aligncenter\" src=\"https:\/\/www.kle-blatt.de\/blog\/wp-content\/uploads\/2018\/10\/westernexpress-geert-heynen.jpg\" alt=\"Kanntest Du noch die Station Cleveland vom Western Express\" width=\"850\" height=\"596\" srcset=\"https:\/\/www.kle-blatt.de\/blog\/wp-content\/uploads\/2018\/10\/westernexpress-geert-heynen.jpg 850w, https:\/\/www.kle-blatt.de\/blog\/wp-content\/uploads\/2018\/10\/westernexpress-geert-heynen-300x210.jpg 300w, https:\/\/www.kle-blatt.de\/blog\/wp-content\/uploads\/2018\/10\/westernexpress-geert-heynen-768x539.jpg 768w\" sizes=\"auto, (max-width: 850px) 100vw, 850px\" \/><br \/>\n(Foto: Geert Heynen)<\/p>\n","protected":false},"excerpt":{"rendered":"<p>Kanntest Du noch die Station Cleveland vom Western Express? Ein wahrhaft historisches Foto einer damaligen Klever Diskothek, als alles anfing. &hellip; <a href=\"https:\/\/www.kle-blatt.de\/blog\/kleve-in-foto-video\/aus-dem-privatalbum\/kanntest-du-noch-die-station-cleveland-vom-western-express.html\" class=\"more-link\"><span class=\"more-button\">Weiterlesen<span class=\"screen-reader-text\">Kanntest Du noch die Station Cleveland vom Western Express?<\/span><\/span><\/a><\/p>\n","protected":false},"author":2,"featured_media":24146,"comment_status":"open","ping_status":"closed","sticky":false,"template":"","format":"standard","meta":{"footnotes":""},"categories":[20,5279],"tags":[4812],"class_list":["post-24145","post","type-post","status-publish","format-standard","has-post-thumbnail","hentry","category-aus-dem-privatalbum","category-klever-musik-und-diskoszene","tag-kanntest-du-noch-die-station-cleveland-vom-western-express"],"_links":{"self":[{"href":"https:\/\/www.kle-blatt.de\/blog\/wp-json\/wp\/v2\/posts\/24145","targetHints":{"allow":["GET"]}}],"collection":[{"href":"https:\/\/www.kle-blatt.de\/blog\/wp-json\/wp\/v2\/posts"}],"about":[{"href":"https:\/\/www.kle-blatt.de\/blog\/wp-json\/wp\/v2\/types\/post"}],"author":[{"embeddable":true,"href":"https:\/\/www.kle-blatt.de\/blog\/wp-json\/wp\/v2\/users\/2"}],"replies":[{"embeddable":true,"href":"https:\/\/www.kle-blatt.de\/blog\/wp-json\/wp\/v2\/comments?post=24145"}],"version-history":[{"count":2,"href":"https:\/\/www.kle-blatt.de\/blog\/wp-json\/wp\/v2\/posts\/24145\/revisions"}],"predecessor-version":[{"id":31207,"href":"https:\/\/www.kle-blatt.de\/blog\/wp-json\/wp\/v2\/posts\/24145\/revisions\/31207"}],"wp:featuredmedia":[{"embeddable":true,"href":"https:\/\/www.kle-blatt.de\/blog\/wp-json\/wp\/v2\/media\/24146"}],"wp:attachment":[{"href":"https:\/\/www.kle-blatt.de\/blog\/wp-json\/wp\/v2\/media?parent=24145"}],"wp:term":[{"taxonomy":"category","embeddable":true,"href":"https:\/\/www.kle-blatt.de\/blog\/wp-json\/wp\/v2\/categories?post=24145"},{"taxonomy":"post_tag","embeddable":true,"href":"https:\/\/www.kle-blatt.de\/blog\/wp-json\/wp\/v2\/tags?post=24145"}],"curies":[{"name":"wp","href":"https:\/\/api.w.org\/{rel}","templated":true}]}}