{"id":24183,"date":"2022-11-12T06:00:08","date_gmt":"2022-11-12T04:00:08","guid":{"rendered":"https:\/\/www.kle-blatt.de\/blog\/?p=24183"},"modified":"2022-10-21T11:29:42","modified_gmt":"2022-10-21T09:29:42","slug":"strassenarbeiten-an-der-linde-in-kleve","status":"publish","type":"post","link":"https:\/\/www.kle-blatt.de\/blog\/kleve-in-foto-video\/strassenarbeiten-an-der-linde-in-kleve.html","title":{"rendered":"Stra\u00dfenarbeiten an der Linde in Kleve"},"content":{"rendered":"<p><strong>Stra\u00dfenarbeiten an der Linde in Kleve<\/strong><\/p>\n<p>F\u00fcnfzehn Uhr an der Linde in Kleve. Stra\u00dfenbauarbeiten vor vielen Jahren, denn die Fahrzeuge, die hier &#8211; auch im Hintergrund &#8211; zu sehen sind, geh\u00f6ren nicht wirklich mehr zu den modernen Fortbewegungsmitteln.<\/p>\n<p><img loading=\"lazy\" decoding=\"async\" class=\"size-full wp-image-24184 aligncenter\" src=\"https:\/\/www.kle-blatt.de\/blog\/wp-content\/uploads\/2018\/10\/arbeiten-linde.jpg\" alt=\"Stra\u00dfenarbeiten an der Linde in Kleve\" width=\"850\" height=\"645\" srcset=\"https:\/\/www.kle-blatt.de\/blog\/wp-content\/uploads\/2018\/10\/arbeiten-linde.jpg 850w, https:\/\/www.kle-blatt.de\/blog\/wp-content\/uploads\/2018\/10\/arbeiten-linde-300x228.jpg 300w, https:\/\/www.kle-blatt.de\/blog\/wp-content\/uploads\/2018\/10\/arbeiten-linde-768x583.jpg 768w\" sizes=\"auto, (max-width: 850px) 100vw, 850px\" \/><br \/>\n(Foto gezeigt von Peter Nengel)<\/p>\n","protected":false},"excerpt":{"rendered":"<p>Stra\u00dfenarbeiten an der Linde in Kleve F\u00fcnfzehn Uhr an der Linde in Kleve. Stra\u00dfenbauarbeiten vor vielen Jahren, denn die Fahrzeuge, &hellip; <a href=\"https:\/\/www.kle-blatt.de\/blog\/kleve-in-foto-video\/strassenarbeiten-an-der-linde-in-kleve.html\" class=\"more-link\"><span class=\"more-button\">Weiterlesen<span class=\"screen-reader-text\">Stra\u00dfenarbeiten an der Linde in Kleve<\/span><\/span><\/a><\/p>\n","protected":false},"author":2,"featured_media":24184,"comment_status":"open","ping_status":"closed","sticky":false,"template":"","format":"standard","meta":{"footnotes":""},"categories":[3],"tags":[4824],"class_list":["post-24183","post","type-post","status-publish","format-standard","has-post-thumbnail","hentry","category-kleve-in-foto-video","tag-strassenarbeiten-an-der-linde-in-kleve"],"_links":{"self":[{"href":"https:\/\/www.kle-blatt.de\/blog\/wp-json\/wp\/v2\/posts\/24183","targetHints":{"allow":["GET"]}}],"collection":[{"href":"https:\/\/www.kle-blatt.de\/blog\/wp-json\/wp\/v2\/posts"}],"about":[{"href":"https:\/\/www.kle-blatt.de\/blog\/wp-json\/wp\/v2\/types\/post"}],"author":[{"embeddable":true,"href":"https:\/\/www.kle-blatt.de\/blog\/wp-json\/wp\/v2\/users\/2"}],"replies":[{"embeddable":true,"href":"https:\/\/www.kle-blatt.de\/blog\/wp-json\/wp\/v2\/comments?post=24183"}],"version-history":[{"count":2,"href":"https:\/\/www.kle-blatt.de\/blog\/wp-json\/wp\/v2\/posts\/24183\/revisions"}],"predecessor-version":[{"id":31192,"href":"https:\/\/www.kle-blatt.de\/blog\/wp-json\/wp\/v2\/posts\/24183\/revisions\/31192"}],"wp:featuredmedia":[{"embeddable":true,"href":"https:\/\/www.kle-blatt.de\/blog\/wp-json\/wp\/v2\/media\/24184"}],"wp:attachment":[{"href":"https:\/\/www.kle-blatt.de\/blog\/wp-json\/wp\/v2\/media?parent=24183"}],"wp:term":[{"taxonomy":"category","embeddable":true,"href":"https:\/\/www.kle-blatt.de\/blog\/wp-json\/wp\/v2\/categories?post=24183"},{"taxonomy":"post_tag","embeddable":true,"href":"https:\/\/www.kle-blatt.de\/blog\/wp-json\/wp\/v2\/tags?post=24183"}],"curies":[{"name":"wp","href":"https:\/\/api.w.org\/{rel}","templated":true}]}}