{"id":24195,"date":"2022-11-27T06:10:00","date_gmt":"2022-11-27T04:10:00","guid":{"rendered":"https:\/\/www.kle-blatt.de\/blog\/?p=24195"},"modified":"2022-10-21T11:42:57","modified_gmt":"2022-10-21T09:42:57","slug":"der-winter-naht-kleve-in-weiss","status":"publish","type":"post","link":"https:\/\/www.kle-blatt.de\/blog\/kleve-in-foto-video\/der-winter-naht-kleve-in-weiss.html","title":{"rendered":"Der Winter naht&#8230; &#8211; Kleve in wei\u00df"},"content":{"rendered":"<p><strong>Der Winter naht&#8230; &#8211; Kleve in wei\u00df<\/strong><\/p>\n<p>Wie jedes Jahr h\u00e4lt die &#8222;wei\u00dfe&#8220; Jahreszeit vermutlich auch bald in Kleve Einzug. Bei der Headline &#8222;Der Winter naht&#8220; denken die, die es kennen, als erstes wohl an die erfolgreiche TV-Serie Game of Thrones, die genau mit diesen Worten begann. M\u00f6glicherweise hat sich einer der Protagonisten zuf\u00e4llig bis nach Kleve verlaufen?<\/p>\n<p><img loading=\"lazy\" decoding=\"async\" class=\"size-full wp-image-24196 aligncenter\" src=\"https:\/\/www.kle-blatt.de\/blog\/wp-content\/uploads\/2018\/10\/winter-cleve.jpg\" alt=\"Der Winter naht - Kleve in wei\u00df\" width=\"850\" height=\"464\" \/><br \/>\n(Bild + Bearbeitung: Dieter Borrmann)<\/p>\n","protected":false},"excerpt":{"rendered":"<p>Der Winter naht&#8230; &#8211; Kleve in wei\u00df Wie jedes Jahr h\u00e4lt die &#8222;wei\u00dfe&#8220; Jahreszeit vermutlich auch bald in Kleve Einzug. &hellip; <a href=\"https:\/\/www.kle-blatt.de\/blog\/kleve-in-foto-video\/der-winter-naht-kleve-in-weiss.html\" class=\"more-link\"><span class=\"more-button\">Weiterlesen<span class=\"screen-reader-text\">Der Winter naht&#8230; &#8211; Kleve in wei\u00df<\/span><\/span><\/a><\/p>\n","protected":false},"author":2,"featured_media":24196,"comment_status":"open","ping_status":"closed","sticky":false,"template":"","format":"standard","meta":{"footnotes":""},"categories":[3],"tags":[4828],"class_list":["post-24195","post","type-post","status-publish","format-standard","has-post-thumbnail","hentry","category-kleve-in-foto-video","tag-der-winter-naht-kleve-in-weiss"],"_links":{"self":[{"href":"https:\/\/www.kle-blatt.de\/blog\/wp-json\/wp\/v2\/posts\/24195","targetHints":{"allow":["GET"]}}],"collection":[{"href":"https:\/\/www.kle-blatt.de\/blog\/wp-json\/wp\/v2\/posts"}],"about":[{"href":"https:\/\/www.kle-blatt.de\/blog\/wp-json\/wp\/v2\/types\/post"}],"author":[{"embeddable":true,"href":"https:\/\/www.kle-blatt.de\/blog\/wp-json\/wp\/v2\/users\/2"}],"replies":[{"embeddable":true,"href":"https:\/\/www.kle-blatt.de\/blog\/wp-json\/wp\/v2\/comments?post=24195"}],"version-history":[{"count":2,"href":"https:\/\/www.kle-blatt.de\/blog\/wp-json\/wp\/v2\/posts\/24195\/revisions"}],"predecessor-version":[{"id":31205,"href":"https:\/\/www.kle-blatt.de\/blog\/wp-json\/wp\/v2\/posts\/24195\/revisions\/31205"}],"wp:featuredmedia":[{"embeddable":true,"href":"https:\/\/www.kle-blatt.de\/blog\/wp-json\/wp\/v2\/media\/24196"}],"wp:attachment":[{"href":"https:\/\/www.kle-blatt.de\/blog\/wp-json\/wp\/v2\/media?parent=24195"}],"wp:term":[{"taxonomy":"category","embeddable":true,"href":"https:\/\/www.kle-blatt.de\/blog\/wp-json\/wp\/v2\/categories?post=24195"},{"taxonomy":"post_tag","embeddable":true,"href":"https:\/\/www.kle-blatt.de\/blog\/wp-json\/wp\/v2\/tags?post=24195"}],"curies":[{"name":"wp","href":"https:\/\/api.w.org\/{rel}","templated":true}]}}