{"id":24216,"date":"2023-11-13T07:00:54","date_gmt":"2023-11-13T05:00:54","guid":{"rendered":"https:\/\/www.kle-blatt.de\/blog\/?p=24216"},"modified":"2023-10-06T11:29:03","modified_gmt":"2023-10-06T09:29:03","slug":"hast-du-echt-noch-bei-weyl-eingekauft-oder-bei-tietz","status":"publish","type":"post","link":"https:\/\/www.kle-blatt.de\/blog\/werbung-gestern-heute\/hast-du-echt-noch-bei-weyl-eingekauft-oder-bei-tietz.html","title":{"rendered":"Hast Du echt noch bei Weyl eingekauft? Oder bei Tietz?"},"content":{"rendered":"<p><strong>Hast Du echt noch bei Weyl eingekauft? Oder bei Tietz?<\/strong><\/p>\n<p>Auf der Gro\u00dfe Stra\u00dfe in Kleve wo sich heute der Kaufhof befindet, stand das gro\u00dfe Kaufhaus A.Weyl. Man bot dort noch heutzutage seltsam klingende Dinge an wie Manufakturen und Damenputz oder auch Gordinen, was vermutlich Gardinen hei\u00dfen m\u00fcsste.<br \/>\nIm Jahre 1929 wurde dieses Kaufhaus schliesslich \u00fcbernommen und nannte sich fortan Kaufhaus Tietz, welches im zweiten Weltkrieg g\u00e4nzlich zerst\u00f6rt wurde. An gleicher Stelle entstand dann letztendlich der Kaufhof.<\/p>\n<p><img loading=\"lazy\" decoding=\"async\" class=\"size-full wp-image-24217 aligncenter\" src=\"https:\/\/www.kle-blatt.de\/blog\/wp-content\/uploads\/2018\/10\/weyl.jpg\" alt=\"Hast Du echt noch bei Weyl eingekauft Oder bei Tietz\" width=\"850\" height=\"1260\" \/><br \/>\n(Bild gezeigt von Wolfgang Conrad)<\/p>\n","protected":false},"excerpt":{"rendered":"<p>Hast Du echt noch bei Weyl eingekauft? Oder bei Tietz? Auf der Gro\u00dfe Stra\u00dfe in Kleve wo sich heute der &hellip; <a href=\"https:\/\/www.kle-blatt.de\/blog\/werbung-gestern-heute\/hast-du-echt-noch-bei-weyl-eingekauft-oder-bei-tietz.html\" class=\"more-link\"><span class=\"more-button\">Weiterlesen<span class=\"screen-reader-text\">Hast Du echt noch bei Weyl eingekauft? Oder bei Tietz?<\/span><\/span><\/a><\/p>\n","protected":false},"author":2,"featured_media":24217,"comment_status":"closed","ping_status":"closed","sticky":false,"template":"","format":"standard","meta":{"footnotes":""},"categories":[19],"tags":[4835],"class_list":["post-24216","post","type-post","status-publish","format-standard","has-post-thumbnail","hentry","category-werbung-gestern-heute","tag-hast-du-echt-noch-bei-weyl-eingekauft-oder-bei-tietz"],"_links":{"self":[{"href":"https:\/\/www.kle-blatt.de\/blog\/wp-json\/wp\/v2\/posts\/24216","targetHints":{"allow":["GET"]}}],"collection":[{"href":"https:\/\/www.kle-blatt.de\/blog\/wp-json\/wp\/v2\/posts"}],"about":[{"href":"https:\/\/www.kle-blatt.de\/blog\/wp-json\/wp\/v2\/types\/post"}],"author":[{"embeddable":true,"href":"https:\/\/www.kle-blatt.de\/blog\/wp-json\/wp\/v2\/users\/2"}],"replies":[{"embeddable":true,"href":"https:\/\/www.kle-blatt.de\/blog\/wp-json\/wp\/v2\/comments?post=24216"}],"version-history":[{"count":2,"href":"https:\/\/www.kle-blatt.de\/blog\/wp-json\/wp\/v2\/posts\/24216\/revisions"}],"predecessor-version":[{"id":32785,"href":"https:\/\/www.kle-blatt.de\/blog\/wp-json\/wp\/v2\/posts\/24216\/revisions\/32785"}],"wp:featuredmedia":[{"embeddable":true,"href":"https:\/\/www.kle-blatt.de\/blog\/wp-json\/wp\/v2\/media\/24217"}],"wp:attachment":[{"href":"https:\/\/www.kle-blatt.de\/blog\/wp-json\/wp\/v2\/media?parent=24216"}],"wp:term":[{"taxonomy":"category","embeddable":true,"href":"https:\/\/www.kle-blatt.de\/blog\/wp-json\/wp\/v2\/categories?post=24216"},{"taxonomy":"post_tag","embeddable":true,"href":"https:\/\/www.kle-blatt.de\/blog\/wp-json\/wp\/v2\/tags?post=24216"}],"curies":[{"name":"wp","href":"https:\/\/api.w.org\/{rel}","templated":true}]}}