{"id":24238,"date":"2018-11-12T11:56:38","date_gmt":"2018-11-12T09:56:38","guid":{"rendered":"https:\/\/www.kle-blatt.de\/blog\/?p=24238"},"modified":"2018-11-12T11:56:38","modified_gmt":"2018-11-12T09:56:38","slug":"hol-dir-den-neuen-kalender-fuer-2019","status":"publish","type":"post","link":"https:\/\/www.kle-blatt.de\/blog\/allgemein\/hol-dir-den-neuen-kalender-fuer-2019.html","title":{"rendered":"Hol Dir den neuen Kalender f\u00fcr 2019"},"content":{"rendered":"<p><strong>Hol Dir den neuen Kalender f\u00fcr 2019<\/strong><\/p>\n<p>Es gibt ihn ab sofort bei allen Steinberg-Apotheken. Also in der Stechbahn-Apotheke, der L\u00f6wen-Apotheke und der Apotheke Rhein-Waal.<br \/>\nF\u00fcr den Kalender geht Deine Spende in H\u00f6he von 1.- Euro in voller H\u00f6he an das SOS-Kinderdorf in Kleve. Da sollte man doch mitmachen oder?<\/p>\n<p><img loading=\"lazy\" decoding=\"async\" class=\"alignleft size-full wp-image-24239\" src=\"https:\/\/www.kle-blatt.de\/blog\/wp-content\/uploads\/2018\/11\/kalender-2019.jpg\" alt=\"Hol Dir den neuen Kalender f\u00fcr 2019\" width=\"850\" height=\"1316\" srcset=\"https:\/\/www.kle-blatt.de\/blog\/wp-content\/uploads\/2018\/11\/kalender-2019.jpg 850w, https:\/\/www.kle-blatt.de\/blog\/wp-content\/uploads\/2018\/11\/kalender-2019-194x300.jpg 194w, https:\/\/www.kle-blatt.de\/blog\/wp-content\/uploads\/2018\/11\/kalender-2019-768x1189.jpg 768w, https:\/\/www.kle-blatt.de\/blog\/wp-content\/uploads\/2018\/11\/kalender-2019-661x1024.jpg 661w\" sizes=\"auto, (max-width: 850px) 100vw, 850px\" \/><\/p>\n","protected":false},"excerpt":{"rendered":"<p>Hol Dir den neuen Kalender f\u00fcr 2019 Es gibt ihn ab sofort bei allen Steinberg-Apotheken. Also in der Stechbahn-Apotheke, der &hellip; <a href=\"https:\/\/www.kle-blatt.de\/blog\/allgemein\/hol-dir-den-neuen-kalender-fuer-2019.html\" class=\"more-link\"><span class=\"more-button\">Weiterlesen<span class=\"screen-reader-text\">Hol Dir den neuen Kalender f\u00fcr 2019<\/span><\/span><\/a><\/p>\n","protected":false},"author":2,"featured_media":0,"comment_status":"open","ping_status":"closed","sticky":false,"template":"","format":"standard","meta":{"footnotes":""},"categories":[1],"tags":[4838],"class_list":["post-24238","post","type-post","status-publish","format-standard","hentry","category-allgemein","tag-hol-dir-den-neuen-kalender-fuer-2019"],"_links":{"self":[{"href":"https:\/\/www.kle-blatt.de\/blog\/wp-json\/wp\/v2\/posts\/24238","targetHints":{"allow":["GET"]}}],"collection":[{"href":"https:\/\/www.kle-blatt.de\/blog\/wp-json\/wp\/v2\/posts"}],"about":[{"href":"https:\/\/www.kle-blatt.de\/blog\/wp-json\/wp\/v2\/types\/post"}],"author":[{"embeddable":true,"href":"https:\/\/www.kle-blatt.de\/blog\/wp-json\/wp\/v2\/users\/2"}],"replies":[{"embeddable":true,"href":"https:\/\/www.kle-blatt.de\/blog\/wp-json\/wp\/v2\/comments?post=24238"}],"version-history":[{"count":0,"href":"https:\/\/www.kle-blatt.de\/blog\/wp-json\/wp\/v2\/posts\/24238\/revisions"}],"wp:attachment":[{"href":"https:\/\/www.kle-blatt.de\/blog\/wp-json\/wp\/v2\/media?parent=24238"}],"wp:term":[{"taxonomy":"category","embeddable":true,"href":"https:\/\/www.kle-blatt.de\/blog\/wp-json\/wp\/v2\/categories?post=24238"},{"taxonomy":"post_tag","embeddable":true,"href":"https:\/\/www.kle-blatt.de\/blog\/wp-json\/wp\/v2\/tags?post=24238"}],"curies":[{"name":"wp","href":"https:\/\/api.w.org\/{rel}","templated":true}]}}