{"id":24339,"date":"2024-12-21T07:10:51","date_gmt":"2024-12-21T05:10:51","guid":{"rendered":"https:\/\/www.kle-blatt.de\/blog\/?p=24339"},"modified":"2024-11-04T12:09:29","modified_gmt":"2024-11-04T10:09:29","slug":"milchanlieferung-im-kellener-winter","status":"publish","type":"post","link":"https:\/\/www.kle-blatt.de\/blog\/kleve-in-foto-video\/aus-dem-privatalbum\/milchanlieferung-im-kellener-winter.html","title":{"rendered":"Milchanlieferung im Kellener Winter"},"content":{"rendered":"<p><strong>Milchanlieferung im Kellener Winter<\/strong><\/p>\n<p>Der Schnee ist un\u00fcbersehbar und es muss kalt gewesen sein. Hier sehen wir die Milchanlieferung bei der Margarine-Union in fr\u00fcheren Jahren. Die Wagen sind voll mit Milchkannen (Melkteuten), die die Milchbauern t\u00e4glich dort heran karrten.<\/p>\n<p><img loading=\"lazy\" decoding=\"async\" class=\"size-full wp-image-24340 aligncenter\" src=\"https:\/\/www.kle-blatt.de\/blog\/wp-content\/uploads\/2018\/11\/milchanlieferung-union.jpg\" alt=\"Milchanlieferung im Kellener Winter\" width=\"850\" height=\"617\" srcset=\"https:\/\/www.kle-blatt.de\/blog\/wp-content\/uploads\/2018\/11\/milchanlieferung-union.jpg 850w, https:\/\/www.kle-blatt.de\/blog\/wp-content\/uploads\/2018\/11\/milchanlieferung-union-300x218.jpg 300w, https:\/\/www.kle-blatt.de\/blog\/wp-content\/uploads\/2018\/11\/milchanlieferung-union-768x557.jpg 768w\" sizes=\"auto, (max-width: 850px) 100vw, 850px\" \/><br \/>\n(Foto: Fritz Wippich)<\/p>\n","protected":false},"excerpt":{"rendered":"<p>Milchanlieferung im Kellener Winter Der Schnee ist un\u00fcbersehbar und es muss kalt gewesen sein. Hier sehen wir die Milchanlieferung bei &hellip; <a href=\"https:\/\/www.kle-blatt.de\/blog\/kleve-in-foto-video\/aus-dem-privatalbum\/milchanlieferung-im-kellener-winter.html\" class=\"more-link\"><span class=\"more-button\">Weiterlesen<span class=\"screen-reader-text\">Milchanlieferung im Kellener Winter<\/span><\/span><\/a><\/p>\n","protected":false},"author":2,"featured_media":24340,"comment_status":"closed","ping_status":"closed","sticky":false,"template":"","format":"standard","meta":{"footnotes":""},"categories":[20],"tags":[4854],"class_list":["post-24339","post","type-post","status-publish","format-standard","has-post-thumbnail","hentry","category-aus-dem-privatalbum","tag-milchanlieferung-im-kellener-winter"],"_links":{"self":[{"href":"https:\/\/www.kle-blatt.de\/blog\/wp-json\/wp\/v2\/posts\/24339","targetHints":{"allow":["GET"]}}],"collection":[{"href":"https:\/\/www.kle-blatt.de\/blog\/wp-json\/wp\/v2\/posts"}],"about":[{"href":"https:\/\/www.kle-blatt.de\/blog\/wp-json\/wp\/v2\/types\/post"}],"author":[{"embeddable":true,"href":"https:\/\/www.kle-blatt.de\/blog\/wp-json\/wp\/v2\/users\/2"}],"replies":[{"embeddable":true,"href":"https:\/\/www.kle-blatt.de\/blog\/wp-json\/wp\/v2\/comments?post=24339"}],"version-history":[{"count":2,"href":"https:\/\/www.kle-blatt.de\/blog\/wp-json\/wp\/v2\/posts\/24339\/revisions"}],"predecessor-version":[{"id":34528,"href":"https:\/\/www.kle-blatt.de\/blog\/wp-json\/wp\/v2\/posts\/24339\/revisions\/34528"}],"wp:featuredmedia":[{"embeddable":true,"href":"https:\/\/www.kle-blatt.de\/blog\/wp-json\/wp\/v2\/media\/24340"}],"wp:attachment":[{"href":"https:\/\/www.kle-blatt.de\/blog\/wp-json\/wp\/v2\/media?parent=24339"}],"wp:term":[{"taxonomy":"category","embeddable":true,"href":"https:\/\/www.kle-blatt.de\/blog\/wp-json\/wp\/v2\/categories?post=24339"},{"taxonomy":"post_tag","embeddable":true,"href":"https:\/\/www.kle-blatt.de\/blog\/wp-json\/wp\/v2\/tags?post=24339"}],"curies":[{"name":"wp","href":"https:\/\/api.w.org\/{rel}","templated":true}]}}