{"id":24368,"date":"2023-12-30T07:10:07","date_gmt":"2023-12-30T05:10:07","guid":{"rendered":"https:\/\/www.kle-blatt.de\/blog\/?p=24368"},"modified":"2023-10-25T14:37:21","modified_gmt":"2023-10-25T12:37:21","slug":"hast-du-die-wetter-maedchen-auch-live-erlebt","status":"publish","type":"post","link":"https:\/\/www.kle-blatt.de\/blog\/kleve-in-foto-video\/aus-dem-privatalbum\/hast-du-die-wetter-maedchen-auch-live-erlebt.html","title":{"rendered":"Hast Du die Wetter-M\u00e4dchen auch live erlebt?"},"content":{"rendered":"<p><strong>Hast Du die Wetter-M\u00e4dchen auch live erlebt?<\/strong><\/p>\n<p>Hier sehen wir eines der m\u00e4chtigen Weather-Girls, die derzeit einen furiosen Auftritt in der damaligen Klever Diskothek World Center hinlegten.<br \/>\nOb es tats\u00e4chlich M\u00e4nner geregnet hat, ist nicht \u00fcberliefert.<br \/>\nWer war denn damals dabei? Ich kann mich noch gut erinnern, Teufel nochmal. Die Zeit vergeht im Raketentempo.<\/p>\n<p><img loading=\"lazy\" decoding=\"async\" class=\"size-full wp-image-24369 aligncenter\" src=\"https:\/\/www.kle-blatt.de\/blog\/wp-content\/uploads\/2018\/11\/Unbenannt-12.jpg\" alt=\"Hast Du die Wetter-M\u00e4dchen auch live erlebt?\" width=\"850\" height=\"1227\" \/><br \/>\n(Foto: Schmalie)<\/p>\n","protected":false},"excerpt":{"rendered":"<p>Hast Du die Wetter-M\u00e4dchen auch live erlebt? Hier sehen wir eines der m\u00e4chtigen Weather-Girls, die derzeit einen furiosen Auftritt in &hellip; <a href=\"https:\/\/www.kle-blatt.de\/blog\/kleve-in-foto-video\/aus-dem-privatalbum\/hast-du-die-wetter-maedchen-auch-live-erlebt.html\" class=\"more-link\"><span class=\"more-button\">Weiterlesen<span class=\"screen-reader-text\">Hast Du die Wetter-M\u00e4dchen auch live erlebt?<\/span><\/span><\/a><\/p>\n","protected":false},"author":2,"featured_media":24369,"comment_status":"closed","ping_status":"closed","sticky":false,"template":"","format":"standard","meta":{"footnotes":""},"categories":[20],"tags":[4864],"class_list":["post-24368","post","type-post","status-publish","format-standard","has-post-thumbnail","hentry","category-aus-dem-privatalbum","tag-hast-du-die-wetter-maedchen-auch-live-erlebt"],"_links":{"self":[{"href":"https:\/\/www.kle-blatt.de\/blog\/wp-json\/wp\/v2\/posts\/24368","targetHints":{"allow":["GET"]}}],"collection":[{"href":"https:\/\/www.kle-blatt.de\/blog\/wp-json\/wp\/v2\/posts"}],"about":[{"href":"https:\/\/www.kle-blatt.de\/blog\/wp-json\/wp\/v2\/types\/post"}],"author":[{"embeddable":true,"href":"https:\/\/www.kle-blatt.de\/blog\/wp-json\/wp\/v2\/users\/2"}],"replies":[{"embeddable":true,"href":"https:\/\/www.kle-blatt.de\/blog\/wp-json\/wp\/v2\/comments?post=24368"}],"version-history":[{"count":2,"href":"https:\/\/www.kle-blatt.de\/blog\/wp-json\/wp\/v2\/posts\/24368\/revisions"}],"predecessor-version":[{"id":32928,"href":"https:\/\/www.kle-blatt.de\/blog\/wp-json\/wp\/v2\/posts\/24368\/revisions\/32928"}],"wp:featuredmedia":[{"embeddable":true,"href":"https:\/\/www.kle-blatt.de\/blog\/wp-json\/wp\/v2\/media\/24369"}],"wp:attachment":[{"href":"https:\/\/www.kle-blatt.de\/blog\/wp-json\/wp\/v2\/media?parent=24368"}],"wp:term":[{"taxonomy":"category","embeddable":true,"href":"https:\/\/www.kle-blatt.de\/blog\/wp-json\/wp\/v2\/categories?post=24368"},{"taxonomy":"post_tag","embeddable":true,"href":"https:\/\/www.kle-blatt.de\/blog\/wp-json\/wp\/v2\/tags?post=24368"}],"curies":[{"name":"wp","href":"https:\/\/api.w.org\/{rel}","templated":true}]}}