{"id":24743,"date":"2025-03-14T06:10:31","date_gmt":"2025-03-14T04:10:31","guid":{"rendered":"https:\/\/www.kle-blatt.de\/blog\/?p=24743"},"modified":"2025-01-21T12:10:04","modified_gmt":"2025-01-21T10:10:04","slug":"das-schloss-cafe-auf-der-stechbahn","status":"publish","type":"post","link":"https:\/\/www.kle-blatt.de\/blog\/werbung-gestern-heute\/das-schloss-cafe-auf-der-stechbahn.html","title":{"rendered":"Das Schlo\u00df Cafe&#8216; auf der Stechbahn"},"content":{"rendered":"<p><strong>Das Schlo\u00df Cafe&#8216; auf der Stechbahn<\/strong><\/p>\n<p>Die meisten Klever\/innen kennen pers\u00f6nlich, von Erz\u00e4hlungen oder von bekannten Bildern sicherlich das Schloss-Cafe&#8216;, das sich damals an der Ecke Gro\u00dfe Stra\u00dfe &#8211; Schlo\u00dftorstra\u00dfe befand. Wer hat denn noch Fotos vom gleichnamigen Cafe&#8216; auf der Stechbahn, wovon wir hier eine Werbung sehen?<\/p>\n<p><img loading=\"lazy\" decoding=\"async\" class=\"size-full wp-image-24744 aligncenter\" src=\"https:\/\/www.kle-blatt.de\/blog\/wp-content\/uploads\/2019\/02\/schlo\u00df-cafe.jpg\" alt=\"Das Schlo\u00df Cafe' auf der Stechbahn\" width=\"850\" height=\"1391\" \/><br \/>\n(Foto: Ralf Heyden)<\/p>\n","protected":false},"excerpt":{"rendered":"<p>Das Schlo\u00df Cafe&#8216; auf der Stechbahn Die meisten Klever\/innen kennen pers\u00f6nlich, von Erz\u00e4hlungen oder von bekannten Bildern sicherlich das Schloss-Cafe&#8216;, &hellip; <a href=\"https:\/\/www.kle-blatt.de\/blog\/werbung-gestern-heute\/das-schloss-cafe-auf-der-stechbahn.html\" class=\"more-link\"><span class=\"more-button\">Weiterlesen<span class=\"screen-reader-text\">Das Schlo\u00df Cafe&#8216; auf der Stechbahn<\/span><\/span><\/a><\/p>\n","protected":false},"author":2,"featured_media":24744,"comment_status":"closed","ping_status":"closed","sticky":false,"template":"","format":"standard","meta":{"footnotes":""},"categories":[19],"tags":[4906],"class_list":["post-24743","post","type-post","status-publish","format-standard","has-post-thumbnail","hentry","category-werbung-gestern-heute","tag-das-schloss-cafe-auf-der-stechbahn"],"_links":{"self":[{"href":"https:\/\/www.kle-blatt.de\/blog\/wp-json\/wp\/v2\/posts\/24743","targetHints":{"allow":["GET"]}}],"collection":[{"href":"https:\/\/www.kle-blatt.de\/blog\/wp-json\/wp\/v2\/posts"}],"about":[{"href":"https:\/\/www.kle-blatt.de\/blog\/wp-json\/wp\/v2\/types\/post"}],"author":[{"embeddable":true,"href":"https:\/\/www.kle-blatt.de\/blog\/wp-json\/wp\/v2\/users\/2"}],"replies":[{"embeddable":true,"href":"https:\/\/www.kle-blatt.de\/blog\/wp-json\/wp\/v2\/comments?post=24743"}],"version-history":[{"count":2,"href":"https:\/\/www.kle-blatt.de\/blog\/wp-json\/wp\/v2\/posts\/24743\/revisions"}],"predecessor-version":[{"id":34932,"href":"https:\/\/www.kle-blatt.de\/blog\/wp-json\/wp\/v2\/posts\/24743\/revisions\/34932"}],"wp:featuredmedia":[{"embeddable":true,"href":"https:\/\/www.kle-blatt.de\/blog\/wp-json\/wp\/v2\/media\/24744"}],"wp:attachment":[{"href":"https:\/\/www.kle-blatt.de\/blog\/wp-json\/wp\/v2\/media?parent=24743"}],"wp:term":[{"taxonomy":"category","embeddable":true,"href":"https:\/\/www.kle-blatt.de\/blog\/wp-json\/wp\/v2\/categories?post=24743"},{"taxonomy":"post_tag","embeddable":true,"href":"https:\/\/www.kle-blatt.de\/blog\/wp-json\/wp\/v2\/tags?post=24743"}],"curies":[{"name":"wp","href":"https:\/\/api.w.org\/{rel}","templated":true}]}}