{"id":24756,"date":"2025-03-12T06:10:35","date_gmt":"2025-03-12T04:10:35","guid":{"rendered":"https:\/\/www.kle-blatt.de\/blog\/?p=24756"},"modified":"2025-01-21T12:13:35","modified_gmt":"2025-01-21T10:13:35","slug":"kennste-noch-das-spuckmaenneken-im-gruenen","status":"publish","type":"post","link":"https:\/\/www.kle-blatt.de\/blog\/kleve-in-foto-video\/aus-dem-privatalbum\/kennste-noch-das-spuckmaenneken-im-gruenen.html","title":{"rendered":"Kennste noch? Das Spuckm\u00e4nneken im Gr\u00fcnen"},"content":{"rendered":"<p><strong>Kennste noch? Das Spuckm\u00e4nneken im Gr\u00fcnen<\/strong><\/p>\n<p>Viele Klever\/innen werden sich an diesen Anblick noch erinnern k\u00f6nnen. Traditionell spuckt das Sch\u00fcsterken zwar immer noch Richtung Kellen, allerdings in weitaus freierer Umgebung.<\/p>\n<p><img loading=\"lazy\" decoding=\"async\" class=\"size-full wp-image-24757 aligncenter\" src=\"https:\/\/www.kle-blatt.de\/blog\/wp-content\/uploads\/2019\/02\/wilhelm-van-den-hurk.jpg\" alt=\"Das Spuckm\u00e4nneken im Gr\u00fcnen\" width=\"850\" height=\"630\" srcset=\"https:\/\/www.kle-blatt.de\/blog\/wp-content\/uploads\/2019\/02\/wilhelm-van-den-hurk.jpg 850w, https:\/\/www.kle-blatt.de\/blog\/wp-content\/uploads\/2019\/02\/wilhelm-van-den-hurk-300x222.jpg 300w, https:\/\/www.kle-blatt.de\/blog\/wp-content\/uploads\/2019\/02\/wilhelm-van-den-hurk-768x569.jpg 768w\" sizes=\"auto, (max-width: 850px) 100vw, 850px\" \/><br \/>\n(Foto: Wilhelm van den Hurk)<\/p>\n","protected":false},"excerpt":{"rendered":"<p>Kennste noch? Das Spuckm\u00e4nneken im Gr\u00fcnen Viele Klever\/innen werden sich an diesen Anblick noch erinnern k\u00f6nnen. Traditionell spuckt das Sch\u00fcsterken &hellip; <a href=\"https:\/\/www.kle-blatt.de\/blog\/kleve-in-foto-video\/aus-dem-privatalbum\/kennste-noch-das-spuckmaenneken-im-gruenen.html\" class=\"more-link\"><span class=\"more-button\">Weiterlesen<span class=\"screen-reader-text\">Kennste noch? Das Spuckm\u00e4nneken im Gr\u00fcnen<\/span><\/span><\/a><\/p>\n","protected":false},"author":2,"featured_media":24757,"comment_status":"closed","ping_status":"closed","sticky":false,"template":"","format":"standard","meta":{"footnotes":""},"categories":[20],"tags":[4910],"class_list":["post-24756","post","type-post","status-publish","format-standard","has-post-thumbnail","hentry","category-aus-dem-privatalbum","tag-kennste-noch-das-spuckmaenneken-im-gruenen"],"_links":{"self":[{"href":"https:\/\/www.kle-blatt.de\/blog\/wp-json\/wp\/v2\/posts\/24756","targetHints":{"allow":["GET"]}}],"collection":[{"href":"https:\/\/www.kle-blatt.de\/blog\/wp-json\/wp\/v2\/posts"}],"about":[{"href":"https:\/\/www.kle-blatt.de\/blog\/wp-json\/wp\/v2\/types\/post"}],"author":[{"embeddable":true,"href":"https:\/\/www.kle-blatt.de\/blog\/wp-json\/wp\/v2\/users\/2"}],"replies":[{"embeddable":true,"href":"https:\/\/www.kle-blatt.de\/blog\/wp-json\/wp\/v2\/comments?post=24756"}],"version-history":[{"count":2,"href":"https:\/\/www.kle-blatt.de\/blog\/wp-json\/wp\/v2\/posts\/24756\/revisions"}],"predecessor-version":[{"id":34936,"href":"https:\/\/www.kle-blatt.de\/blog\/wp-json\/wp\/v2\/posts\/24756\/revisions\/34936"}],"wp:featuredmedia":[{"embeddable":true,"href":"https:\/\/www.kle-blatt.de\/blog\/wp-json\/wp\/v2\/media\/24757"}],"wp:attachment":[{"href":"https:\/\/www.kle-blatt.de\/blog\/wp-json\/wp\/v2\/media?parent=24756"}],"wp:term":[{"taxonomy":"category","embeddable":true,"href":"https:\/\/www.kle-blatt.de\/blog\/wp-json\/wp\/v2\/categories?post=24756"},{"taxonomy":"post_tag","embeddable":true,"href":"https:\/\/www.kle-blatt.de\/blog\/wp-json\/wp\/v2\/tags?post=24756"}],"curies":[{"name":"wp","href":"https:\/\/api.w.org\/{rel}","templated":true}]}}