{"id":24770,"date":"2026-03-11T07:10:36","date_gmt":"2026-03-11T05:10:36","guid":{"rendered":"https:\/\/www.kle-blatt.de\/blog\/?p=24770"},"modified":"2026-01-21T12:39:01","modified_gmt":"2026-01-21T10:39:01","slug":"die-alte-emmericher-strasse-an-der-margarine-union","status":"publish","type":"post","link":"https:\/\/www.kle-blatt.de\/blog\/kleve-in-foto-video\/aus-dem-privatalbum\/die-alte-emmericher-strasse-an-der-margarine-union.html","title":{"rendered":"Die alte Emmericher Stra\u00dfe an der Margarine-Union"},"content":{"rendered":"<p><strong>Die alte Emmericher Stra\u00dfe an der Margarine-Union<\/strong><\/p>\n<p>Vorbei am Pf\u00f6rtnerhaus der Margarine-Union sehen wir hier die alte Emmericher Stra\u00dfe vor langer Zeit. Markant der \u00fcppige Efeubewuchs, den man zu diesen Zeiten scheinbar attraktiv beurteilte.<\/p>\n<p><img loading=\"lazy\" decoding=\"async\" class=\"size-full wp-image-24771 aligncenter\" src=\"https:\/\/www.kle-blatt.de\/blog\/wp-content\/uploads\/2019\/02\/Die-alte-Emmericherstr.vorbei-am-Pf\u00f6rtner-der-Margarine-Union-Fritz-Wippich.jpg\" alt=\"\" width=\"849\" height=\"526\" srcset=\"https:\/\/www.kle-blatt.de\/blog\/wp-content\/uploads\/2019\/02\/Die-alte-Emmericherstr.vorbei-am-Pf\u00f6rtner-der-Margarine-Union-Fritz-Wippich.jpg 849w, https:\/\/www.kle-blatt.de\/blog\/wp-content\/uploads\/2019\/02\/Die-alte-Emmericherstr.vorbei-am-Pf\u00f6rtner-der-Margarine-Union-Fritz-Wippich-300x186.jpg 300w, https:\/\/www.kle-blatt.de\/blog\/wp-content\/uploads\/2019\/02\/Die-alte-Emmericherstr.vorbei-am-Pf\u00f6rtner-der-Margarine-Union-Fritz-Wippich-768x476.jpg 768w\" sizes=\"auto, (max-width: 849px) 100vw, 849px\" \/><br \/>\n(Foto: Fritz Wippich)<\/p>\n","protected":false},"excerpt":{"rendered":"<p>Die alte Emmericher Stra\u00dfe an der Margarine-Union Vorbei am Pf\u00f6rtnerhaus der Margarine-Union sehen wir hier die alte Emmericher Stra\u00dfe vor &hellip; <a href=\"https:\/\/www.kle-blatt.de\/blog\/kleve-in-foto-video\/aus-dem-privatalbum\/die-alte-emmericher-strasse-an-der-margarine-union.html\" class=\"more-link\"><span class=\"more-button\">Weiterlesen<span class=\"screen-reader-text\">Die alte Emmericher Stra\u00dfe an der Margarine-Union<\/span><\/span><\/a><\/p>\n","protected":false},"author":2,"featured_media":24771,"comment_status":"closed","ping_status":"closed","sticky":false,"template":"","format":"standard","meta":{"footnotes":""},"categories":[20],"tags":[4914],"class_list":["post-24770","post","type-post","status-publish","format-standard","has-post-thumbnail","hentry","category-aus-dem-privatalbum","tag-die-alte-emmericher-strasse-an-der-margarine-union"],"_links":{"self":[{"href":"https:\/\/www.kle-blatt.de\/blog\/wp-json\/wp\/v2\/posts\/24770","targetHints":{"allow":["GET"]}}],"collection":[{"href":"https:\/\/www.kle-blatt.de\/blog\/wp-json\/wp\/v2\/posts"}],"about":[{"href":"https:\/\/www.kle-blatt.de\/blog\/wp-json\/wp\/v2\/types\/post"}],"author":[{"embeddable":true,"href":"https:\/\/www.kle-blatt.de\/blog\/wp-json\/wp\/v2\/users\/2"}],"replies":[{"embeddable":true,"href":"https:\/\/www.kle-blatt.de\/blog\/wp-json\/wp\/v2\/comments?post=24770"}],"version-history":[{"count":2,"href":"https:\/\/www.kle-blatt.de\/blog\/wp-json\/wp\/v2\/posts\/24770\/revisions"}],"predecessor-version":[{"id":36535,"href":"https:\/\/www.kle-blatt.de\/blog\/wp-json\/wp\/v2\/posts\/24770\/revisions\/36535"}],"wp:featuredmedia":[{"embeddable":true,"href":"https:\/\/www.kle-blatt.de\/blog\/wp-json\/wp\/v2\/media\/24771"}],"wp:attachment":[{"href":"https:\/\/www.kle-blatt.de\/blog\/wp-json\/wp\/v2\/media?parent=24770"}],"wp:term":[{"taxonomy":"category","embeddable":true,"href":"https:\/\/www.kle-blatt.de\/blog\/wp-json\/wp\/v2\/categories?post=24770"},{"taxonomy":"post_tag","embeddable":true,"href":"https:\/\/www.kle-blatt.de\/blog\/wp-json\/wp\/v2\/tags?post=24770"}],"curies":[{"name":"wp","href":"https:\/\/api.w.org\/{rel}","templated":true}]}}