{"id":24862,"date":"2023-04-26T06:10:59","date_gmt":"2023-04-26T04:10:59","guid":{"rendered":"https:\/\/www.kle-blatt.de\/blog\/?p=24862"},"modified":"2023-03-15T12:07:45","modified_gmt":"2023-03-15T10:07:45","slug":"schwindelfrei-auf-der-rheinbruecke-kleve-emmerich","status":"publish","type":"post","link":"https:\/\/www.kle-blatt.de\/blog\/kleve-in-foto-video\/aus-dem-privatalbum\/schwindelfrei-auf-der-rheinbruecke-kleve-emmerich.html","title":{"rendered":"Schwindelfrei auf der Rheinbr\u00fccke Kleve-Emmerich"},"content":{"rendered":"<p><strong>Schwindelfrei auf der Rheinbr\u00fccke Kleve-Emmerich<\/strong><\/p>\n<p>Man kennt das bekannte Foto aus den USA, welches Bauarbeiter bei der Fr\u00fchst\u00fcckspause auf einem Stahltr\u00e4ger zeigt w\u00e4hrend des Baus des Rockefeller-Centers in 1932. Nicht minder schwindelfrei d\u00fcrften diese M\u00e4nner sein, die man hier beim Bau der Rheinbr\u00fccke sehen kann.<\/p>\n<p><img loading=\"lazy\" decoding=\"async\" class=\"size-full wp-image-24863 aligncenter\" src=\"https:\/\/www.kle-blatt.de\/blog\/wp-content\/uploads\/2019\/03\/emmericher-rheinbr\u00fccke-3-klaus.jpg\" alt=\"Schwindelfrei auf der Rheinbr\u00fccke Kleve-Emmerich\" width=\"850\" height=\"1220\" srcset=\"https:\/\/www.kle-blatt.de\/blog\/wp-content\/uploads\/2019\/03\/emmericher-rheinbr\u00fccke-3-klaus.jpg 850w, https:\/\/www.kle-blatt.de\/blog\/wp-content\/uploads\/2019\/03\/emmericher-rheinbr\u00fccke-3-klaus-209x300.jpg 209w, https:\/\/www.kle-blatt.de\/blog\/wp-content\/uploads\/2019\/03\/emmericher-rheinbr\u00fccke-3-klaus-768x1102.jpg 768w, https:\/\/www.kle-blatt.de\/blog\/wp-content\/uploads\/2019\/03\/emmericher-rheinbr\u00fccke-3-klaus-713x1024.jpg 713w\" sizes=\"auto, (max-width: 850px) 100vw, 850px\" \/><br \/>\n(Foto gezeigt von Klaus Neumann)<\/p>\n","protected":false},"excerpt":{"rendered":"<p>Schwindelfrei auf der Rheinbr\u00fccke Kleve-Emmerich Man kennt das bekannte Foto aus den USA, welches Bauarbeiter bei der Fr\u00fchst\u00fcckspause auf einem &hellip; <a href=\"https:\/\/www.kle-blatt.de\/blog\/kleve-in-foto-video\/aus-dem-privatalbum\/schwindelfrei-auf-der-rheinbruecke-kleve-emmerich.html\" class=\"more-link\"><span class=\"more-button\">Weiterlesen<span class=\"screen-reader-text\">Schwindelfrei auf der Rheinbr\u00fccke Kleve-Emmerich<\/span><\/span><\/a><\/p>\n","protected":false},"author":2,"featured_media":24863,"comment_status":"open","ping_status":"closed","sticky":false,"template":"","format":"standard","meta":{"footnotes":""},"categories":[20],"tags":[],"class_list":["post-24862","post","type-post","status-publish","format-standard","has-post-thumbnail","hentry","category-aus-dem-privatalbum"],"_links":{"self":[{"href":"https:\/\/www.kle-blatt.de\/blog\/wp-json\/wp\/v2\/posts\/24862","targetHints":{"allow":["GET"]}}],"collection":[{"href":"https:\/\/www.kle-blatt.de\/blog\/wp-json\/wp\/v2\/posts"}],"about":[{"href":"https:\/\/www.kle-blatt.de\/blog\/wp-json\/wp\/v2\/types\/post"}],"author":[{"embeddable":true,"href":"https:\/\/www.kle-blatt.de\/blog\/wp-json\/wp\/v2\/users\/2"}],"replies":[{"embeddable":true,"href":"https:\/\/www.kle-blatt.de\/blog\/wp-json\/wp\/v2\/comments?post=24862"}],"version-history":[{"count":2,"href":"https:\/\/www.kle-blatt.de\/blog\/wp-json\/wp\/v2\/posts\/24862\/revisions"}],"predecessor-version":[{"id":31952,"href":"https:\/\/www.kle-blatt.de\/blog\/wp-json\/wp\/v2\/posts\/24862\/revisions\/31952"}],"wp:featuredmedia":[{"embeddable":true,"href":"https:\/\/www.kle-blatt.de\/blog\/wp-json\/wp\/v2\/media\/24863"}],"wp:attachment":[{"href":"https:\/\/www.kle-blatt.de\/blog\/wp-json\/wp\/v2\/media?parent=24862"}],"wp:term":[{"taxonomy":"category","embeddable":true,"href":"https:\/\/www.kle-blatt.de\/blog\/wp-json\/wp\/v2\/categories?post=24862"},{"taxonomy":"post_tag","embeddable":true,"href":"https:\/\/www.kle-blatt.de\/blog\/wp-json\/wp\/v2\/tags?post=24862"}],"curies":[{"name":"wp","href":"https:\/\/api.w.org\/{rel}","templated":true}]}}