{"id":24874,"date":"2025-04-07T07:10:54","date_gmt":"2025-04-07T05:10:54","guid":{"rendered":"https:\/\/www.kle-blatt.de\/blog\/?p=24874"},"modified":"2025-02-21T14:32:06","modified_gmt":"2025-02-21T12:32:06","slug":"vor-dem-klever-strassenbahn-depot","status":"publish","type":"post","link":"https:\/\/www.kle-blatt.de\/blog\/kleve-in-foto-video\/aus-dem-privatalbum\/vor-dem-klever-strassenbahn-depot.html","title":{"rendered":"Vor dem Klever Stra\u00dfenbahn-Depot"},"content":{"rendered":"<p><strong>Vor dem Klever Stra\u00dfenbahn-Depot<\/strong><\/p>\n<p>Es war w\u00e4hrend einer Zeit, an die man nicht so gerne zur\u00fcck denkt, als dieses Foto gemacht wurde. Hier haben sich vermutlich alle Schaffner und Stra\u00dfenbahnf\u00fchrer inklusive der unvermeidlichen Funktion\u00e4re versammelt. Wer wei\u00df mehr dar\u00fcber?<\/p>\n<p><img loading=\"lazy\" decoding=\"async\" class=\"size-full wp-image-24877 aligncenter\" src=\"https:\/\/www.kle-blatt.de\/blog\/wp-content\/uploads\/2019\/03\/stra\u00dfenbahndepot-dirk-osterkamp-2.jpg\" alt=\"Vor dem Klever Stra\u00dfenbahn-Depot\" width=\"850\" height=\"527\" srcset=\"https:\/\/www.kle-blatt.de\/blog\/wp-content\/uploads\/2019\/03\/stra\u00dfenbahndepot-dirk-osterkamp-2.jpg 850w, https:\/\/www.kle-blatt.de\/blog\/wp-content\/uploads\/2019\/03\/stra\u00dfenbahndepot-dirk-osterkamp-2-300x186.jpg 300w, https:\/\/www.kle-blatt.de\/blog\/wp-content\/uploads\/2019\/03\/stra\u00dfenbahndepot-dirk-osterkamp-2-768x476.jpg 768w\" sizes=\"auto, (max-width: 850px) 100vw, 850px\" \/><br \/>\n(Foto: Dirk Osterkamp)<\/p>\n","protected":false},"excerpt":{"rendered":"<p>Vor dem Klever Stra\u00dfenbahn-Depot Es war w\u00e4hrend einer Zeit, an die man nicht so gerne zur\u00fcck denkt, als dieses Foto &hellip; <a href=\"https:\/\/www.kle-blatt.de\/blog\/kleve-in-foto-video\/aus-dem-privatalbum\/vor-dem-klever-strassenbahn-depot.html\" class=\"more-link\"><span class=\"more-button\">Weiterlesen<span class=\"screen-reader-text\">Vor dem Klever Stra\u00dfenbahn-Depot<\/span><\/span><\/a><\/p>\n","protected":false},"author":2,"featured_media":24877,"comment_status":"closed","ping_status":"closed","sticky":false,"template":"","format":"standard","meta":{"footnotes":""},"categories":[20],"tags":[4928],"class_list":["post-24874","post","type-post","status-publish","format-standard","has-post-thumbnail","hentry","category-aus-dem-privatalbum","tag-vor-dem-klever-strassenbahn-depot"],"_links":{"self":[{"href":"https:\/\/www.kle-blatt.de\/blog\/wp-json\/wp\/v2\/posts\/24874","targetHints":{"allow":["GET"]}}],"collection":[{"href":"https:\/\/www.kle-blatt.de\/blog\/wp-json\/wp\/v2\/posts"}],"about":[{"href":"https:\/\/www.kle-blatt.de\/blog\/wp-json\/wp\/v2\/types\/post"}],"author":[{"embeddable":true,"href":"https:\/\/www.kle-blatt.de\/blog\/wp-json\/wp\/v2\/users\/2"}],"replies":[{"embeddable":true,"href":"https:\/\/www.kle-blatt.de\/blog\/wp-json\/wp\/v2\/comments?post=24874"}],"version-history":[{"count":2,"href":"https:\/\/www.kle-blatt.de\/blog\/wp-json\/wp\/v2\/posts\/24874\/revisions"}],"predecessor-version":[{"id":35107,"href":"https:\/\/www.kle-blatt.de\/blog\/wp-json\/wp\/v2\/posts\/24874\/revisions\/35107"}],"wp:featuredmedia":[{"embeddable":true,"href":"https:\/\/www.kle-blatt.de\/blog\/wp-json\/wp\/v2\/media\/24877"}],"wp:attachment":[{"href":"https:\/\/www.kle-blatt.de\/blog\/wp-json\/wp\/v2\/media?parent=24874"}],"wp:term":[{"taxonomy":"category","embeddable":true,"href":"https:\/\/www.kle-blatt.de\/blog\/wp-json\/wp\/v2\/categories?post=24874"},{"taxonomy":"post_tag","embeddable":true,"href":"https:\/\/www.kle-blatt.de\/blog\/wp-json\/wp\/v2\/tags?post=24874"}],"curies":[{"name":"wp","href":"https:\/\/api.w.org\/{rel}","templated":true}]}}