{"id":24929,"date":"2026-04-25T06:10:16","date_gmt":"2026-04-25T04:10:16","guid":{"rendered":"https:\/\/www.kle-blatt.de\/blog\/?p=24929"},"modified":"2026-02-04T14:21:02","modified_gmt":"2026-02-04T12:21:02","slug":"so-sah-kellen-vor-ueber-100-jahren-aus","status":"publish","type":"post","link":"https:\/\/www.kle-blatt.de\/blog\/kleve-in-foto-video\/so-sah-kellen-vor-ueber-100-jahren-aus.html","title":{"rendered":"So sah Kellen vor \u00fcber 100 Jahren aus"},"content":{"rendered":"<p><strong>So sah Kellen vor \u00fcber 100 Jahren aus<\/strong><\/p>\n<p>N\u00e4mlich im Jahre 1910. Man sieht sehr viel Felder und wenig H\u00e4user. Auf der Stra\u00dfe konnte man gefahrlos spazieren, Rad fahren oder auch spielen. Junge, Junge, hat sich das ver\u00e4ndert.<\/p>\n<p><img loading=\"lazy\" decoding=\"async\" class=\"size-full wp-image-24930 aligncenter\" src=\"https:\/\/www.kle-blatt.de\/blog\/wp-content\/uploads\/2019\/03\/kellen-1910.jpg\" alt=\"So sah Kellen vor \u00fcber 100 Jahren aus\" width=\"850\" height=\"507\" \/><br \/>\n(Bild gezeigt von Berry Sixtyfive)<\/p>\n","protected":false},"excerpt":{"rendered":"<p>So sah Kellen vor \u00fcber 100 Jahren aus N\u00e4mlich im Jahre 1910. Man sieht sehr viel Felder und wenig H\u00e4user. &hellip; <a href=\"https:\/\/www.kle-blatt.de\/blog\/kleve-in-foto-video\/so-sah-kellen-vor-ueber-100-jahren-aus.html\" class=\"more-link\"><span class=\"more-button\">Weiterlesen<span class=\"screen-reader-text\">So sah Kellen vor \u00fcber 100 Jahren aus<\/span><\/span><\/a><\/p>\n","protected":false},"author":2,"featured_media":24930,"comment_status":"closed","ping_status":"closed","sticky":false,"template":"","format":"standard","meta":{"footnotes":""},"categories":[3],"tags":[4940],"class_list":["post-24929","post","type-post","status-publish","format-standard","has-post-thumbnail","hentry","category-kleve-in-foto-video","tag-so-sah-kellen-vor-ueber-100-jahren-aus"],"_links":{"self":[{"href":"https:\/\/www.kle-blatt.de\/blog\/wp-json\/wp\/v2\/posts\/24929","targetHints":{"allow":["GET"]}}],"collection":[{"href":"https:\/\/www.kle-blatt.de\/blog\/wp-json\/wp\/v2\/posts"}],"about":[{"href":"https:\/\/www.kle-blatt.de\/blog\/wp-json\/wp\/v2\/types\/post"}],"author":[{"embeddable":true,"href":"https:\/\/www.kle-blatt.de\/blog\/wp-json\/wp\/v2\/users\/2"}],"replies":[{"embeddable":true,"href":"https:\/\/www.kle-blatt.de\/blog\/wp-json\/wp\/v2\/comments?post=24929"}],"version-history":[{"count":1,"href":"https:\/\/www.kle-blatt.de\/blog\/wp-json\/wp\/v2\/posts\/24929\/revisions"}],"predecessor-version":[{"id":36592,"href":"https:\/\/www.kle-blatt.de\/blog\/wp-json\/wp\/v2\/posts\/24929\/revisions\/36592"}],"wp:featuredmedia":[{"embeddable":true,"href":"https:\/\/www.kle-blatt.de\/blog\/wp-json\/wp\/v2\/media\/24930"}],"wp:attachment":[{"href":"https:\/\/www.kle-blatt.de\/blog\/wp-json\/wp\/v2\/media?parent=24929"}],"wp:term":[{"taxonomy":"category","embeddable":true,"href":"https:\/\/www.kle-blatt.de\/blog\/wp-json\/wp\/v2\/categories?post=24929"},{"taxonomy":"post_tag","embeddable":true,"href":"https:\/\/www.kle-blatt.de\/blog\/wp-json\/wp\/v2\/tags?post=24929"}],"curies":[{"name":"wp","href":"https:\/\/api.w.org\/{rel}","templated":true}]}}