{"id":24932,"date":"2023-04-26T07:10:17","date_gmt":"2023-04-26T05:10:17","guid":{"rendered":"https:\/\/www.kle-blatt.de\/blog\/?p=24932"},"modified":"2023-03-16T12:19:11","modified_gmt":"2023-03-16T10:19:11","slug":"hast-du-hier-auch-dein-fahrrad-untergestellt","status":"publish","type":"post","link":"https:\/\/www.kle-blatt.de\/blog\/kleve-in-foto-video\/aus-dem-privatalbum\/hast-du-hier-auch-dein-fahrrad-untergestellt.html","title":{"rendered":"Hast Du hier auch Dein Fahrrad untergestellt?"},"content":{"rendered":"<p><strong>Hast Du hier auch Dein Fahrrad untergestellt?<\/strong><\/p>\n<p>Wer kennt \u00fcberhaupt noch die Fahrradwache am Opschlag? Sie wurde auf alle F\u00e4lle gut genutzt, wie man an der Anzahl der Fahrr\u00e4der feststellen kann.<\/p>\n<p><img loading=\"lazy\" decoding=\"async\" class=\"size-full wp-image-24935 aligncenter\" src=\"https:\/\/www.kle-blatt.de\/blog\/wp-content\/uploads\/2019\/03\/fahrradwache-opschlag-1.jpg\" alt=\"Hast Du hier auch Dein Fahrrad untergestellt?\" width=\"850\" height=\"615\" srcset=\"https:\/\/www.kle-blatt.de\/blog\/wp-content\/uploads\/2019\/03\/fahrradwache-opschlag-1.jpg 850w, https:\/\/www.kle-blatt.de\/blog\/wp-content\/uploads\/2019\/03\/fahrradwache-opschlag-1-300x217.jpg 300w, https:\/\/www.kle-blatt.de\/blog\/wp-content\/uploads\/2019\/03\/fahrradwache-opschlag-1-768x556.jpg 768w\" sizes=\"auto, (max-width: 850px) 100vw, 850px\" \/><\/p>\n","protected":false},"excerpt":{"rendered":"<p>Hast Du hier auch Dein Fahrrad untergestellt? Wer kennt \u00fcberhaupt noch die Fahrradwache am Opschlag? Sie wurde auf alle F\u00e4lle &hellip; <a href=\"https:\/\/www.kle-blatt.de\/blog\/kleve-in-foto-video\/aus-dem-privatalbum\/hast-du-hier-auch-dein-fahrrad-untergestellt.html\" class=\"more-link\"><span class=\"more-button\">Weiterlesen<span class=\"screen-reader-text\">Hast Du hier auch Dein Fahrrad untergestellt?<\/span><\/span><\/a><\/p>\n","protected":false},"author":2,"featured_media":24935,"comment_status":"open","ping_status":"closed","sticky":false,"template":"","format":"standard","meta":{"footnotes":""},"categories":[20],"tags":[4941],"class_list":["post-24932","post","type-post","status-publish","format-standard","has-post-thumbnail","hentry","category-aus-dem-privatalbum","tag-hast-du-hier-auch-dein-fahrrad-untergestellt"],"_links":{"self":[{"href":"https:\/\/www.kle-blatt.de\/blog\/wp-json\/wp\/v2\/posts\/24932","targetHints":{"allow":["GET"]}}],"collection":[{"href":"https:\/\/www.kle-blatt.de\/blog\/wp-json\/wp\/v2\/posts"}],"about":[{"href":"https:\/\/www.kle-blatt.de\/blog\/wp-json\/wp\/v2\/types\/post"}],"author":[{"embeddable":true,"href":"https:\/\/www.kle-blatt.de\/blog\/wp-json\/wp\/v2\/users\/2"}],"replies":[{"embeddable":true,"href":"https:\/\/www.kle-blatt.de\/blog\/wp-json\/wp\/v2\/comments?post=24932"}],"version-history":[{"count":1,"href":"https:\/\/www.kle-blatt.de\/blog\/wp-json\/wp\/v2\/posts\/24932\/revisions"}],"predecessor-version":[{"id":31990,"href":"https:\/\/www.kle-blatt.de\/blog\/wp-json\/wp\/v2\/posts\/24932\/revisions\/31990"}],"wp:featuredmedia":[{"embeddable":true,"href":"https:\/\/www.kle-blatt.de\/blog\/wp-json\/wp\/v2\/media\/24935"}],"wp:attachment":[{"href":"https:\/\/www.kle-blatt.de\/blog\/wp-json\/wp\/v2\/media?parent=24932"}],"wp:term":[{"taxonomy":"category","embeddable":true,"href":"https:\/\/www.kle-blatt.de\/blog\/wp-json\/wp\/v2\/categories?post=24932"},{"taxonomy":"post_tag","embeddable":true,"href":"https:\/\/www.kle-blatt.de\/blog\/wp-json\/wp\/v2\/tags?post=24932"}],"curies":[{"name":"wp","href":"https:\/\/api.w.org\/{rel}","templated":true}]}}