{"id":2499,"date":"2025-04-05T06:10:38","date_gmt":"2025-04-05T04:10:38","guid":{"rendered":"http:\/\/www.kle-blatt.de\/blog\/?p=2499"},"modified":"2025-02-20T15:36:38","modified_gmt":"2025-02-20T13:36:38","slug":"die-prinzessin-von-cleve","status":"publish","type":"post","link":"https:\/\/www.kle-blatt.de\/blog\/kultur\/die-prinzessin-von-cleve.html","title":{"rendered":"Kennst Du noch die Prinzessin von Cleve?"},"content":{"rendered":"<p><strong>Kennst Du noch die Prinzessin von Cleve?<\/strong><\/p>\n<div>Im Jahre 1678 wurde der Roman &#8222;Die Prinzessin von Cleve&#8220; in Paris anonym ver\u00f6ffentlicht, bis sich herausstellte, dass der historische Roman der Autorin Marie-Madeleine de La Fayette zugeschrieben werden musste.<\/div>\n<div>Mit dem weltweit bekannten franz\u00f6sischen Schauspieler Jean Marais und der zu dieser Zeit beliebten Schauspielerin Marina Vlady in den Hauptrollen wurde der Roman im Jahre 1961 f\u00fcrs Kino verfilmt.<\/div>\n<div>W\u00e4re f\u00fcr die Klever Tichelpark-Kinos vielleicht eine interessante Idee f\u00fcr eine Wiederauff\u00fchrung.<\/div>\n<div><a href=\"http:\/\/www.kle-blatt.de\/blog\/wp-content\/uploads\/2013\/04\/die-prinzessin-von-cleve12.jpg\"><img loading=\"lazy\" decoding=\"async\" class=\"size-full wp-image-2500 aligncenter\" src=\"https:\/\/www.kle-blatt.de\/blog\/wp-content\/uploads\/2013\/04\/die-prinzessin-von-cleve12.jpg\" alt=\"Kennst Du noch die Prinzessin von Cleve?\" width=\"850\" height=\"1179\" \/><\/a><\/div>\n","protected":false},"excerpt":{"rendered":"<p>Kennst Du noch die Prinzessin von Cleve? Im Jahre 1678 wurde der Roman &#8222;Die Prinzessin von Cleve&#8220; in Paris anonym &hellip; <a href=\"https:\/\/www.kle-blatt.de\/blog\/kultur\/die-prinzessin-von-cleve.html\" class=\"more-link\"><span class=\"more-button\">Weiterlesen<span class=\"screen-reader-text\">Kennst Du noch die Prinzessin von Cleve?<\/span><\/span><\/a><\/p>\n","protected":false},"author":2,"featured_media":2500,"comment_status":"closed","ping_status":"closed","sticky":false,"template":"","format":"standard","meta":{"footnotes":""},"categories":[4],"tags":[6304],"class_list":["post-2499","post","type-post","status-publish","format-standard","has-post-thumbnail","hentry","category-kultur","tag-kennst-du-noch-die-prinzessin-von-cleve"],"_links":{"self":[{"href":"https:\/\/www.kle-blatt.de\/blog\/wp-json\/wp\/v2\/posts\/2499","targetHints":{"allow":["GET"]}}],"collection":[{"href":"https:\/\/www.kle-blatt.de\/blog\/wp-json\/wp\/v2\/posts"}],"about":[{"href":"https:\/\/www.kle-blatt.de\/blog\/wp-json\/wp\/v2\/types\/post"}],"author":[{"embeddable":true,"href":"https:\/\/www.kle-blatt.de\/blog\/wp-json\/wp\/v2\/users\/2"}],"replies":[{"embeddable":true,"href":"https:\/\/www.kle-blatt.de\/blog\/wp-json\/wp\/v2\/comments?post=2499"}],"version-history":[{"count":2,"href":"https:\/\/www.kle-blatt.de\/blog\/wp-json\/wp\/v2\/posts\/2499\/revisions"}],"predecessor-version":[{"id":35079,"href":"https:\/\/www.kle-blatt.de\/blog\/wp-json\/wp\/v2\/posts\/2499\/revisions\/35079"}],"wp:featuredmedia":[{"embeddable":true,"href":"https:\/\/www.kle-blatt.de\/blog\/wp-json\/wp\/v2\/media\/2500"}],"wp:attachment":[{"href":"https:\/\/www.kle-blatt.de\/blog\/wp-json\/wp\/v2\/media?parent=2499"}],"wp:term":[{"taxonomy":"category","embeddable":true,"href":"https:\/\/www.kle-blatt.de\/blog\/wp-json\/wp\/v2\/categories?post=2499"},{"taxonomy":"post_tag","embeddable":true,"href":"https:\/\/www.kle-blatt.de\/blog\/wp-json\/wp\/v2\/tags?post=2499"}],"curies":[{"name":"wp","href":"https:\/\/api.w.org\/{rel}","templated":true}]}}