{"id":25017,"date":"2019-05-04T07:00:49","date_gmt":"2019-05-04T05:00:49","guid":{"rendered":"https:\/\/www.kle-blatt.de\/blog\/?p=25017"},"modified":"2019-04-16T14:01:41","modified_gmt":"2019-04-16T12:01:41","slug":"vom-grossen-johan-sigismund-zu-spuckenden-narren","status":"publish","type":"post","link":"https:\/\/www.kle-blatt.de\/blog\/kultur\/vom-grossen-johan-sigismund-zu-spuckenden-narren.html","title":{"rendered":"Vom gro\u00dfen Johan-Sigismund zu spuckenden Narren"},"content":{"rendered":"<p><strong>Vom gro\u00dfen Johan-Sigismund zu spuckenden Narren <\/strong><\/p>\n<p>Aus dem Urkundentext von 1859:<br \/>\n<strong><em>&#8230;das die Bewohner des Herzogtums Kleve die im R\u00fcckblick auf die im Jahre 1609 erfolgte Besitznahme der klevischen Lande durch den Durchlauchtigsten Herrn Johan-Sigismund, Kurf\u00fcrsten von Brandenburg, beschlossen haben, ein Standbild dieses Erblandesherrn zum dauernden Ged\u00e4chtnis an das segensreiche Ereignis und zu dessen 250-j\u00e4hriger Feier am Kleinen Markt in der Stadt Kleve zu errichten.<\/em><\/strong><br \/>\nHier sehen wir die damaligen Feierlichkeiten zur Enth\u00fcllung des Standbildes.<br \/>\nSp\u00e4ter wurde das Denkmal direkt vor die Schwanenburg verlegt und mit einem Schutzgitter versehen.<\/p>\n<p>Heute stehen an gleichem Ort die Stelen mit den schr\u00e4gen spuckenden Narrenk\u00f6pfen. Welch eine zeitliche Verwandlung.<\/p>\n<p><img loading=\"lazy\" decoding=\"async\" class=\"alignleft size-full wp-image-25019\" src=\"https:\/\/www.kle-blatt.de\/blog\/wp-content\/uploads\/2019\/04\/sigismund-denkmal.jpg\" alt=\"\" width=\"849\" height=\"647\" srcset=\"https:\/\/www.kle-blatt.de\/blog\/wp-content\/uploads\/2019\/04\/sigismund-denkmal.jpg 849w, https:\/\/www.kle-blatt.de\/blog\/wp-content\/uploads\/2019\/04\/sigismund-denkmal-300x229.jpg 300w, https:\/\/www.kle-blatt.de\/blog\/wp-content\/uploads\/2019\/04\/sigismund-denkmal-768x585.jpg 768w\" sizes=\"auto, (max-width: 849px) 100vw, 849px\" \/><br \/>\n(Bild gezeigt von Dieter Borrmann)<\/p>\n","protected":false},"excerpt":{"rendered":"<p>Vom gro\u00dfen Johan-Sigismund zu spuckenden Narren Aus dem Urkundentext von 1859: &#8230;das die Bewohner des Herzogtums Kleve die im R\u00fcckblick &hellip; <a href=\"https:\/\/www.kle-blatt.de\/blog\/kultur\/vom-grossen-johan-sigismund-zu-spuckenden-narren.html\" class=\"more-link\"><span class=\"more-button\">Weiterlesen<span class=\"screen-reader-text\">Vom gro\u00dfen Johan-Sigismund zu spuckenden Narren<\/span><\/span><\/a><\/p>\n","protected":false},"author":2,"featured_media":0,"comment_status":"open","ping_status":"closed","sticky":false,"template":"","format":"standard","meta":{"footnotes":""},"categories":[4],"tags":[4953],"class_list":["post-25017","post","type-post","status-publish","format-standard","hentry","category-kultur","tag-vom-grossen-johan-sigismund-zu-spuckenden-narren"],"_links":{"self":[{"href":"https:\/\/www.kle-blatt.de\/blog\/wp-json\/wp\/v2\/posts\/25017","targetHints":{"allow":["GET"]}}],"collection":[{"href":"https:\/\/www.kle-blatt.de\/blog\/wp-json\/wp\/v2\/posts"}],"about":[{"href":"https:\/\/www.kle-blatt.de\/blog\/wp-json\/wp\/v2\/types\/post"}],"author":[{"embeddable":true,"href":"https:\/\/www.kle-blatt.de\/blog\/wp-json\/wp\/v2\/users\/2"}],"replies":[{"embeddable":true,"href":"https:\/\/www.kle-blatt.de\/blog\/wp-json\/wp\/v2\/comments?post=25017"}],"version-history":[{"count":0,"href":"https:\/\/www.kle-blatt.de\/blog\/wp-json\/wp\/v2\/posts\/25017\/revisions"}],"wp:attachment":[{"href":"https:\/\/www.kle-blatt.de\/blog\/wp-json\/wp\/v2\/media?parent=25017"}],"wp:term":[{"taxonomy":"category","embeddable":true,"href":"https:\/\/www.kle-blatt.de\/blog\/wp-json\/wp\/v2\/categories?post=25017"},{"taxonomy":"post_tag","embeddable":true,"href":"https:\/\/www.kle-blatt.de\/blog\/wp-json\/wp\/v2\/tags?post=25017"}],"curies":[{"name":"wp","href":"https:\/\/api.w.org\/{rel}","templated":true}]}}