{"id":25038,"date":"2019-05-09T07:10:43","date_gmt":"2019-05-09T05:10:43","guid":{"rendered":"https:\/\/www.kle-blatt.de\/blog\/?p=25038"},"modified":"2019-05-09T09:50:19","modified_gmt":"2019-05-09T07:50:19","slug":"liebst-du-auch-den-fruehling-in-kleve","status":"publish","type":"post","link":"https:\/\/www.kle-blatt.de\/blog\/kleve-in-foto-video\/aus-dem-privatalbum\/liebst-du-auch-den-fruehling-in-kleve.html","title":{"rendered":"Liebst Du auch den Fr\u00fchling + Sommer in Kleve?"},"content":{"rendered":"<p><strong>Liebst Du auch den Fr\u00fchling + Sommer in Kleve?<\/strong><\/p>\n<p>Die Gr\u00fcnfl\u00e4chen- und -anlagen werden zwar immer weniger, aber es sind noch ausreichend vorhanden. Daher l\u00e4sst sich im Fr\u00fchling und im Sommer in Kleve so Einiges an Blumen, Gr\u00e4sern und generell Gr\u00fcn bewundern, wie man auch auf diesem Bild sehen kann.<\/p>\n<p><img loading=\"lazy\" decoding=\"async\" class=\"alignleft size-full wp-image-25039\" src=\"https:\/\/www.kle-blatt.de\/blog\/wp-content\/uploads\/2019\/04\/fr\u00fchling.jpg\" alt=\"Liebst Du auch den Fr\u00fchling + Sommer in Kleve?\" width=\"850\" height=\"638\" srcset=\"https:\/\/www.kle-blatt.de\/blog\/wp-content\/uploads\/2019\/04\/fr\u00fchling.jpg 850w, https:\/\/www.kle-blatt.de\/blog\/wp-content\/uploads\/2019\/04\/fr\u00fchling-300x225.jpg 300w, https:\/\/www.kle-blatt.de\/blog\/wp-content\/uploads\/2019\/04\/fr\u00fchling-768x576.jpg 768w\" sizes=\"auto, (max-width: 850px) 100vw, 850px\" \/><br \/>\n(Foto: Ro-Bo Rosmarie Gertrude Borchers)<\/p>\n","protected":false},"excerpt":{"rendered":"<p>Liebst Du auch den Fr\u00fchling + Sommer in Kleve? Die Gr\u00fcnfl\u00e4chen- und -anlagen werden zwar immer weniger, aber es sind &hellip; <a href=\"https:\/\/www.kle-blatt.de\/blog\/kleve-in-foto-video\/aus-dem-privatalbum\/liebst-du-auch-den-fruehling-in-kleve.html\" class=\"more-link\"><span class=\"more-button\">Weiterlesen<span class=\"screen-reader-text\">Liebst Du auch den Fr\u00fchling + Sommer in Kleve?<\/span><\/span><\/a><\/p>\n","protected":false},"author":2,"featured_media":0,"comment_status":"open","ping_status":"closed","sticky":false,"template":"","format":"standard","meta":{"footnotes":""},"categories":[20],"tags":[4985],"class_list":["post-25038","post","type-post","status-publish","format-standard","hentry","category-aus-dem-privatalbum","tag-liebst-du-auch-den-fruehling-sommer-in-kleve"],"_links":{"self":[{"href":"https:\/\/www.kle-blatt.de\/blog\/wp-json\/wp\/v2\/posts\/25038","targetHints":{"allow":["GET"]}}],"collection":[{"href":"https:\/\/www.kle-blatt.de\/blog\/wp-json\/wp\/v2\/posts"}],"about":[{"href":"https:\/\/www.kle-blatt.de\/blog\/wp-json\/wp\/v2\/types\/post"}],"author":[{"embeddable":true,"href":"https:\/\/www.kle-blatt.de\/blog\/wp-json\/wp\/v2\/users\/2"}],"replies":[{"embeddable":true,"href":"https:\/\/www.kle-blatt.de\/blog\/wp-json\/wp\/v2\/comments?post=25038"}],"version-history":[{"count":0,"href":"https:\/\/www.kle-blatt.de\/blog\/wp-json\/wp\/v2\/posts\/25038\/revisions"}],"wp:attachment":[{"href":"https:\/\/www.kle-blatt.de\/blog\/wp-json\/wp\/v2\/media?parent=25038"}],"wp:term":[{"taxonomy":"category","embeddable":true,"href":"https:\/\/www.kle-blatt.de\/blog\/wp-json\/wp\/v2\/categories?post=25038"},{"taxonomy":"post_tag","embeddable":true,"href":"https:\/\/www.kle-blatt.de\/blog\/wp-json\/wp\/v2\/tags?post=25038"}],"curies":[{"name":"wp","href":"https:\/\/api.w.org\/{rel}","templated":true}]}}