{"id":25230,"date":"2019-06-04T07:10:45","date_gmt":"2019-06-04T05:10:45","guid":{"rendered":"https:\/\/www.kle-blatt.de\/blog\/?p=25230"},"modified":"2019-05-21T11:06:16","modified_gmt":"2019-05-21T09:06:16","slug":"liebst-du-auch-die-pusteblume","status":"publish","type":"post","link":"https:\/\/www.kle-blatt.de\/blog\/kleve-in-foto-video\/aus-dem-privatalbum\/liebst-du-auch-die-pusteblume.html","title":{"rendered":"Liebst Du auch die Pusteblume?"},"content":{"rendered":"<p><strong>Liebst Du auch die Pusteblume?<\/strong><\/p>\n<p>Geht es Dir auch so, dass Du beim Anblick einer Pusteblume gleich die kleinen Fallschirmchen fliegen sehen willst. Als Kind liebt man doch diese bekannten Pflanzen, die man auch in Kleve \u00fcberall sehen kann. Jeder wei\u00df, dass gemeiner L\u00f6wenzahn daraus wird. Und als solcher ist er vielseitig verwendbar, denn man macht daraus Salat, sirupartigen Gelee als Brotaufstrich. Getrocknet und ger\u00f6stet verwendete man ihn sogar als Ersatzkaffee, dem sogenannten Zichorienkaffee.<\/p>\n<p><img loading=\"lazy\" decoding=\"async\" class=\"alignleft size-full wp-image-25231\" src=\"https:\/\/www.kle-blatt.de\/blog\/wp-content\/uploads\/2019\/05\/pusteblume.jpg\" alt=\"Liebst Du auch die Pusteblume?\" width=\"850\" height=\"580\" \/><br \/>\n(Foto: Ralf Heyden)<\/p>\n","protected":false},"excerpt":{"rendered":"<p>Liebst Du auch die Pusteblume? Geht es Dir auch so, dass Du beim Anblick einer Pusteblume gleich die kleinen Fallschirmchen &hellip; <a href=\"https:\/\/www.kle-blatt.de\/blog\/kleve-in-foto-video\/aus-dem-privatalbum\/liebst-du-auch-die-pusteblume.html\" class=\"more-link\"><span class=\"more-button\">Weiterlesen<span class=\"screen-reader-text\">Liebst Du auch die Pusteblume?<\/span><\/span><\/a><\/p>\n","protected":false},"author":2,"featured_media":0,"comment_status":"open","ping_status":"closed","sticky":false,"template":"","format":"standard","meta":{"footnotes":""},"categories":[20],"tags":[4995],"class_list":["post-25230","post","type-post","status-publish","format-standard","hentry","category-aus-dem-privatalbum","tag-liebst-du-auch-die-pusteblume"],"_links":{"self":[{"href":"https:\/\/www.kle-blatt.de\/blog\/wp-json\/wp\/v2\/posts\/25230","targetHints":{"allow":["GET"]}}],"collection":[{"href":"https:\/\/www.kle-blatt.de\/blog\/wp-json\/wp\/v2\/posts"}],"about":[{"href":"https:\/\/www.kle-blatt.de\/blog\/wp-json\/wp\/v2\/types\/post"}],"author":[{"embeddable":true,"href":"https:\/\/www.kle-blatt.de\/blog\/wp-json\/wp\/v2\/users\/2"}],"replies":[{"embeddable":true,"href":"https:\/\/www.kle-blatt.de\/blog\/wp-json\/wp\/v2\/comments?post=25230"}],"version-history":[{"count":0,"href":"https:\/\/www.kle-blatt.de\/blog\/wp-json\/wp\/v2\/posts\/25230\/revisions"}],"wp:attachment":[{"href":"https:\/\/www.kle-blatt.de\/blog\/wp-json\/wp\/v2\/media?parent=25230"}],"wp:term":[{"taxonomy":"category","embeddable":true,"href":"https:\/\/www.kle-blatt.de\/blog\/wp-json\/wp\/v2\/categories?post=25230"},{"taxonomy":"post_tag","embeddable":true,"href":"https:\/\/www.kle-blatt.de\/blog\/wp-json\/wp\/v2\/tags?post=25230"}],"curies":[{"name":"wp","href":"https:\/\/api.w.org\/{rel}","templated":true}]}}