{"id":25417,"date":"2019-07-24T07:10:52","date_gmt":"2019-07-24T05:10:52","guid":{"rendered":"https:\/\/www.kle-blatt.de\/blog\/?p=25417"},"modified":"2019-06-23T11:16:16","modified_gmt":"2019-06-23T09:16:16","slug":"erinnerst-du-dich-an-den-weissen-wal-moby-dick-im-rhein-bei-emmerich","status":"publish","type":"post","link":"https:\/\/www.kle-blatt.de\/blog\/kleve-in-foto-video\/aus-dem-privatalbum\/erinnerst-du-dich-an-den-weissen-wal-moby-dick-im-rhein-bei-emmerich.html","title":{"rendered":"Erinnerst Du Dich an den Wei\u00dfen Wal &#8222;Moby Dick&#8220; im Rhein bei Emmerich?"},"content":{"rendered":"<p><strong>Erinnerst Du Dich an den Wei\u00dfen Wal &#8222;Moby Dick&#8220; im Rhein bei Emmerich?<\/strong><\/p>\n<p>Es war am 18. Mai 1966, als der Belugawal im Rhein bei Emmerich entdeckt wurde. Den Namen Moby Dick hatte er schnell weg, denn das bot sich ja an. Er sollte urspr\u00fcnglich in einen englischen Zoo gebracht werden. Allerdings kenterte das Frachtschiff mit ihm w\u00e4hrend eines Orkans kurz vor der K\u00fcste und so gelangte er \u00fcber den Hafen von Rotterdam in den Rhein.<\/p>\n<p>Das Foto zeigt ihn leider nicht, denn dabei handelt es sich um eine andere Wal-Art. Wer wei\u00df mehr hierzu?<\/p>\n<p><img loading=\"lazy\" decoding=\"async\" class=\"alignleft size-full wp-image-25418\" src=\"https:\/\/www.kle-blatt.de\/blog\/wp-content\/uploads\/2019\/06\/wal-paul-driever.jpg\" alt=\"Erinnerst Du Dich an den Wei\u00dfen Wal \" width=\"850\" height=\"424\" srcset=\"https:\/\/www.kle-blatt.de\/blog\/wp-content\/uploads\/2019\/06\/wal-paul-driever.jpg 850w, https:\/\/www.kle-blatt.de\/blog\/wp-content\/uploads\/2019\/06\/wal-paul-driever-300x150.jpg 300w, https:\/\/www.kle-blatt.de\/blog\/wp-content\/uploads\/2019\/06\/wal-paul-driever-768x383.jpg 768w\" sizes=\"auto, (max-width: 850px) 100vw, 850px\" \/><br \/>\n(Foto: Paul Driever)<\/p>\n","protected":false},"excerpt":{"rendered":"<p>Erinnerst Du Dich an den Wei\u00dfen Wal &#8222;Moby Dick&#8220; im Rhein bei Emmerich? Es war am 18. Mai 1966, als &hellip; <a href=\"https:\/\/www.kle-blatt.de\/blog\/kleve-in-foto-video\/aus-dem-privatalbum\/erinnerst-du-dich-an-den-weissen-wal-moby-dick-im-rhein-bei-emmerich.html\" class=\"more-link\"><span class=\"more-button\">Weiterlesen<span class=\"screen-reader-text\">Erinnerst Du Dich an den Wei\u00dfen Wal &#8222;Moby Dick&#8220; im Rhein bei Emmerich?<\/span><\/span><\/a><\/p>\n","protected":false},"author":2,"featured_media":0,"comment_status":"open","ping_status":"closed","sticky":false,"template":"","format":"standard","meta":{"footnotes":""},"categories":[20],"tags":[5020],"class_list":["post-25417","post","type-post","status-publish","format-standard","hentry","category-aus-dem-privatalbum","tag-erinnerst-du-dich-an-den-weissen-wal-moby-dick-im-rhein-bei-emmerich"],"_links":{"self":[{"href":"https:\/\/www.kle-blatt.de\/blog\/wp-json\/wp\/v2\/posts\/25417","targetHints":{"allow":["GET"]}}],"collection":[{"href":"https:\/\/www.kle-blatt.de\/blog\/wp-json\/wp\/v2\/posts"}],"about":[{"href":"https:\/\/www.kle-blatt.de\/blog\/wp-json\/wp\/v2\/types\/post"}],"author":[{"embeddable":true,"href":"https:\/\/www.kle-blatt.de\/blog\/wp-json\/wp\/v2\/users\/2"}],"replies":[{"embeddable":true,"href":"https:\/\/www.kle-blatt.de\/blog\/wp-json\/wp\/v2\/comments?post=25417"}],"version-history":[{"count":0,"href":"https:\/\/www.kle-blatt.de\/blog\/wp-json\/wp\/v2\/posts\/25417\/revisions"}],"wp:attachment":[{"href":"https:\/\/www.kle-blatt.de\/blog\/wp-json\/wp\/v2\/media?parent=25417"}],"wp:term":[{"taxonomy":"category","embeddable":true,"href":"https:\/\/www.kle-blatt.de\/blog\/wp-json\/wp\/v2\/categories?post=25417"},{"taxonomy":"post_tag","embeddable":true,"href":"https:\/\/www.kle-blatt.de\/blog\/wp-json\/wp\/v2\/tags?post=25417"}],"curies":[{"name":"wp","href":"https:\/\/api.w.org\/{rel}","templated":true}]}}