{"id":25528,"date":"2019-07-16T09:55:20","date_gmt":"2019-07-16T07:55:20","guid":{"rendered":"https:\/\/www.kle-blatt.de\/blog\/?p=25528"},"modified":"2019-07-16T09:55:20","modified_gmt":"2019-07-16T07:55:20","slug":"das-vermisste-riesenrad-der-klever-kirmes","status":"publish","type":"post","link":"https:\/\/www.kle-blatt.de\/blog\/kleve-in-foto-video\/aus-dem-privatalbum\/das-vermisste-riesenrad-der-klever-kirmes.html","title":{"rendered":"Das vermisste Riesenrad der Klever Kirmes"},"content":{"rendered":"<p><strong>Das vermisste Riesenrad der Klever Kirmes<\/strong><\/p>\n<p>Hier ist es f\u00fcr Alle, die das Riesenrad auf der diesj\u00e4hrigen Kirmes vermissen. Stattdessen gibt es ja ein anderes spektakul\u00e4res Fahrgesch\u00e4ft mit lediglich acht Pl\u00e4tzen. Wer wei\u00df? Vielleicht sehen wir das Riesenrad im n\u00e4chsten Jahr wieder.<\/p>\n<p><img loading=\"lazy\" decoding=\"async\" class=\"alignleft size-full wp-image-25529\" src=\"https:\/\/www.kle-blatt.de\/blog\/wp-content\/uploads\/2019\/07\/riesenrad.jpg\" alt=\"Das vermisste Riesenrad der Klever Kirmes\" width=\"850\" height=\"559\" srcset=\"https:\/\/www.kle-blatt.de\/blog\/wp-content\/uploads\/2019\/07\/riesenrad.jpg 850w, https:\/\/www.kle-blatt.de\/blog\/wp-content\/uploads\/2019\/07\/riesenrad-300x197.jpg 300w, https:\/\/www.kle-blatt.de\/blog\/wp-content\/uploads\/2019\/07\/riesenrad-768x505.jpg 768w\" sizes=\"auto, (max-width: 850px) 100vw, 850px\" \/><br \/>\n(Foto: Ralf Heyden)<\/p>\n","protected":false},"excerpt":{"rendered":"<p>Das vermisste Riesenrad der Klever Kirmes Hier ist es f\u00fcr Alle, die das Riesenrad auf der diesj\u00e4hrigen Kirmes vermissen. Stattdessen &hellip; <a href=\"https:\/\/www.kle-blatt.de\/blog\/kleve-in-foto-video\/aus-dem-privatalbum\/das-vermisste-riesenrad-der-klever-kirmes.html\" class=\"more-link\"><span class=\"more-button\">Weiterlesen<span class=\"screen-reader-text\">Das vermisste Riesenrad der Klever Kirmes<\/span><\/span><\/a><\/p>\n","protected":false},"author":2,"featured_media":0,"comment_status":"open","ping_status":"closed","sticky":false,"template":"","format":"standard","meta":{"footnotes":""},"categories":[20],"tags":[5045],"class_list":["post-25528","post","type-post","status-publish","format-standard","hentry","category-aus-dem-privatalbum","tag-das-vermisste-riesenrad-der-klever-kirmes"],"_links":{"self":[{"href":"https:\/\/www.kle-blatt.de\/blog\/wp-json\/wp\/v2\/posts\/25528","targetHints":{"allow":["GET"]}}],"collection":[{"href":"https:\/\/www.kle-blatt.de\/blog\/wp-json\/wp\/v2\/posts"}],"about":[{"href":"https:\/\/www.kle-blatt.de\/blog\/wp-json\/wp\/v2\/types\/post"}],"author":[{"embeddable":true,"href":"https:\/\/www.kle-blatt.de\/blog\/wp-json\/wp\/v2\/users\/2"}],"replies":[{"embeddable":true,"href":"https:\/\/www.kle-blatt.de\/blog\/wp-json\/wp\/v2\/comments?post=25528"}],"version-history":[{"count":0,"href":"https:\/\/www.kle-blatt.de\/blog\/wp-json\/wp\/v2\/posts\/25528\/revisions"}],"wp:attachment":[{"href":"https:\/\/www.kle-blatt.de\/blog\/wp-json\/wp\/v2\/media?parent=25528"}],"wp:term":[{"taxonomy":"category","embeddable":true,"href":"https:\/\/www.kle-blatt.de\/blog\/wp-json\/wp\/v2\/categories?post=25528"},{"taxonomy":"post_tag","embeddable":true,"href":"https:\/\/www.kle-blatt.de\/blog\/wp-json\/wp\/v2\/tags?post=25528"}],"curies":[{"name":"wp","href":"https:\/\/api.w.org\/{rel}","templated":true}]}}