{"id":25534,"date":"2023-08-17T07:10:47","date_gmt":"2023-08-17T05:10:47","guid":{"rendered":"https:\/\/www.kle-blatt.de\/blog\/?p=25534"},"modified":"2023-07-16T13:41:47","modified_gmt":"2023-07-16T11:41:47","slug":"kanntest-du-den-tabakladen-an-der-linde","status":"publish","type":"post","link":"https:\/\/www.kle-blatt.de\/blog\/kleve-in-foto-video\/kanntest-du-den-tabakladen-an-der-linde.html","title":{"rendered":"Kanntest Du den Tabakladen an der Linde?"},"content":{"rendered":"<p><strong>Kanntest Du den Tabakladen an der Linde?<\/strong><\/p>\n<p>Es war noch m\u00f6glich, ohne Fu\u00dfg\u00e4ngerampel \u00fcber die Lindenallee zu kommen. Selbst am Markttag wie hier. Das Geb\u00e4ude im Hintergrund ist schon l\u00e4ngst verschwunden und ersetzt worden. Ebenso der darin befindliche Tabakladen. Sp\u00e4ter gab es nur wenige Meter weiter auf der Hoffmannallee ebenfalls einen Tabakladen, der inzwischen genauso verschwunden ist. F\u00fcr die Raucher wird es immer enger in Kleve.<\/p>\n<p><img loading=\"lazy\" decoding=\"async\" class=\"size-full wp-image-25535 aligncenter\" src=\"https:\/\/www.kle-blatt.de\/blog\/wp-content\/uploads\/2019\/07\/tabakladen-linde-reiner-grun.jpg\" alt=\"Kanntest Du den Tabakladen an der Linde?\" width=\"850\" height=\"594\" srcset=\"https:\/\/www.kle-blatt.de\/blog\/wp-content\/uploads\/2019\/07\/tabakladen-linde-reiner-grun.jpg 850w, https:\/\/www.kle-blatt.de\/blog\/wp-content\/uploads\/2019\/07\/tabakladen-linde-reiner-grun-300x210.jpg 300w, https:\/\/www.kle-blatt.de\/blog\/wp-content\/uploads\/2019\/07\/tabakladen-linde-reiner-grun-768x537.jpg 768w\" sizes=\"auto, (max-width: 850px) 100vw, 850px\" \/><br \/>\n(Foto gezeigt von Reiner Grun)<\/p>\n","protected":false},"excerpt":{"rendered":"<p>Kanntest Du den Tabakladen an der Linde? Es war noch m\u00f6glich, ohne Fu\u00dfg\u00e4ngerampel \u00fcber die Lindenallee zu kommen. Selbst am &hellip; <a href=\"https:\/\/www.kle-blatt.de\/blog\/kleve-in-foto-video\/kanntest-du-den-tabakladen-an-der-linde.html\" class=\"more-link\"><span class=\"more-button\">Weiterlesen<span class=\"screen-reader-text\">Kanntest Du den Tabakladen an der Linde?<\/span><\/span><\/a><\/p>\n","protected":false},"author":2,"featured_media":25535,"comment_status":"open","ping_status":"closed","sticky":false,"template":"","format":"standard","meta":{"footnotes":""},"categories":[3],"tags":[5046],"class_list":["post-25534","post","type-post","status-publish","format-standard","has-post-thumbnail","hentry","category-kleve-in-foto-video","tag-kanntest-du-den-tabakladen-an-der-linde"],"_links":{"self":[{"href":"https:\/\/www.kle-blatt.de\/blog\/wp-json\/wp\/v2\/posts\/25534","targetHints":{"allow":["GET"]}}],"collection":[{"href":"https:\/\/www.kle-blatt.de\/blog\/wp-json\/wp\/v2\/posts"}],"about":[{"href":"https:\/\/www.kle-blatt.de\/blog\/wp-json\/wp\/v2\/types\/post"}],"author":[{"embeddable":true,"href":"https:\/\/www.kle-blatt.de\/blog\/wp-json\/wp\/v2\/users\/2"}],"replies":[{"embeddable":true,"href":"https:\/\/www.kle-blatt.de\/blog\/wp-json\/wp\/v2\/comments?post=25534"}],"version-history":[{"count":1,"href":"https:\/\/www.kle-blatt.de\/blog\/wp-json\/wp\/v2\/posts\/25534\/revisions"}],"predecessor-version":[{"id":32489,"href":"https:\/\/www.kle-blatt.de\/blog\/wp-json\/wp\/v2\/posts\/25534\/revisions\/32489"}],"wp:featuredmedia":[{"embeddable":true,"href":"https:\/\/www.kle-blatt.de\/blog\/wp-json\/wp\/v2\/media\/25535"}],"wp:attachment":[{"href":"https:\/\/www.kle-blatt.de\/blog\/wp-json\/wp\/v2\/media?parent=25534"}],"wp:term":[{"taxonomy":"category","embeddable":true,"href":"https:\/\/www.kle-blatt.de\/blog\/wp-json\/wp\/v2\/categories?post=25534"},{"taxonomy":"post_tag","embeddable":true,"href":"https:\/\/www.kle-blatt.de\/blog\/wp-json\/wp\/v2\/tags?post=25534"}],"curies":[{"name":"wp","href":"https:\/\/api.w.org\/{rel}","templated":true}]}}