{"id":25537,"date":"2023-08-26T07:10:34","date_gmt":"2023-08-26T05:10:34","guid":{"rendered":"https:\/\/www.kle-blatt.de\/blog\/?p=25537"},"modified":"2023-07-16T13:42:50","modified_gmt":"2023-07-16T11:42:50","slug":"ein-kleiner-aber-feiner-schuetzenzug-in-griethausen","status":"publish","type":"post","link":"https:\/\/www.kle-blatt.de\/blog\/kleve-in-foto-video\/aus-dem-privatalbum\/ein-kleiner-aber-feiner-schuetzenzug-in-griethausen.html","title":{"rendered":"Ein kleiner, aber feiner Sch\u00fctzenzug in Griethausen"},"content":{"rendered":"<p><strong>Ein kleiner, aber feiner Sch\u00fctzenzug in Griethausen<\/strong><\/p>\n<p>Auf der Oberstra\u00dfe in Griethausen sehen wir hier einen Sch\u00fctzenzug marschieren, der sogar einige Zuschauer mobilisieren konnte. Viele Mitglieder haben sich nicht zum Marsch eingefunden. Trotzdem werden hier die Knarren und die Fahnen stolz pr\u00e4sentiert. Leider gibt das Bild keine Auskunft dar\u00fcber, ob noch mehr Aktive damals unterwegs waren. Vielleicht wei\u00df es noch jemand, der dabei war?<\/p>\n<p><img loading=\"lazy\" decoding=\"async\" class=\"size-full wp-image-25538 aligncenter\" src=\"https:\/\/www.kle-blatt.de\/blog\/wp-content\/uploads\/2019\/07\/sch\u00fctzenzug-griethausen-oberstra\u00dfe-karola-honrath.jpg\" alt=\"\" width=\"850\" height=\"493\" srcset=\"https:\/\/www.kle-blatt.de\/blog\/wp-content\/uploads\/2019\/07\/sch\u00fctzenzug-griethausen-oberstra\u00dfe-karola-honrath.jpg 850w, https:\/\/www.kle-blatt.de\/blog\/wp-content\/uploads\/2019\/07\/sch\u00fctzenzug-griethausen-oberstra\u00dfe-karola-honrath-300x174.jpg 300w, https:\/\/www.kle-blatt.de\/blog\/wp-content\/uploads\/2019\/07\/sch\u00fctzenzug-griethausen-oberstra\u00dfe-karola-honrath-768x445.jpg 768w\" sizes=\"auto, (max-width: 850px) 100vw, 850px\" \/><br \/>\n(Foto: Karola Honrath)<\/p>\n","protected":false},"excerpt":{"rendered":"<p>Ein kleiner, aber feiner Sch\u00fctzenzug in Griethausen Auf der Oberstra\u00dfe in Griethausen sehen wir hier einen Sch\u00fctzenzug marschieren, der sogar &hellip; <a href=\"https:\/\/www.kle-blatt.de\/blog\/kleve-in-foto-video\/aus-dem-privatalbum\/ein-kleiner-aber-feiner-schuetzenzug-in-griethausen.html\" class=\"more-link\"><span class=\"more-button\">Weiterlesen<span class=\"screen-reader-text\">Ein kleiner, aber feiner Sch\u00fctzenzug in Griethausen<\/span><\/span><\/a><\/p>\n","protected":false},"author":2,"featured_media":25538,"comment_status":"open","ping_status":"closed","sticky":false,"template":"","format":"standard","meta":{"footnotes":""},"categories":[20],"tags":[5048,5047],"class_list":["post-25537","post","type-post","status-publish","format-standard","has-post-thumbnail","hentry","category-aus-dem-privatalbum","tag-aber-feiner-schuetzenzug-in-griethausen","tag-ein-kleiner"],"_links":{"self":[{"href":"https:\/\/www.kle-blatt.de\/blog\/wp-json\/wp\/v2\/posts\/25537","targetHints":{"allow":["GET"]}}],"collection":[{"href":"https:\/\/www.kle-blatt.de\/blog\/wp-json\/wp\/v2\/posts"}],"about":[{"href":"https:\/\/www.kle-blatt.de\/blog\/wp-json\/wp\/v2\/types\/post"}],"author":[{"embeddable":true,"href":"https:\/\/www.kle-blatt.de\/blog\/wp-json\/wp\/v2\/users\/2"}],"replies":[{"embeddable":true,"href":"https:\/\/www.kle-blatt.de\/blog\/wp-json\/wp\/v2\/comments?post=25537"}],"version-history":[{"count":1,"href":"https:\/\/www.kle-blatt.de\/blog\/wp-json\/wp\/v2\/posts\/25537\/revisions"}],"predecessor-version":[{"id":32490,"href":"https:\/\/www.kle-blatt.de\/blog\/wp-json\/wp\/v2\/posts\/25537\/revisions\/32490"}],"wp:featuredmedia":[{"embeddable":true,"href":"https:\/\/www.kle-blatt.de\/blog\/wp-json\/wp\/v2\/media\/25538"}],"wp:attachment":[{"href":"https:\/\/www.kle-blatt.de\/blog\/wp-json\/wp\/v2\/media?parent=25537"}],"wp:term":[{"taxonomy":"category","embeddable":true,"href":"https:\/\/www.kle-blatt.de\/blog\/wp-json\/wp\/v2\/categories?post=25537"},{"taxonomy":"post_tag","embeddable":true,"href":"https:\/\/www.kle-blatt.de\/blog\/wp-json\/wp\/v2\/tags?post=25537"}],"curies":[{"name":"wp","href":"https:\/\/api.w.org\/{rel}","templated":true}]}}