{"id":25540,"date":"2024-08-17T06:10:09","date_gmt":"2024-08-17T04:10:09","guid":{"rendered":"https:\/\/www.kle-blatt.de\/blog\/?p=25540"},"modified":"2024-07-03T12:15:20","modified_gmt":"2024-07-03T10:15:20","slug":"schon-mal-vom-hotel-restaurant-monte-bello-gehoert","status":"publish","type":"post","link":"https:\/\/www.kle-blatt.de\/blog\/kleve-in-foto-video\/schon-mal-vom-hotel-restaurant-monte-bello-gehoert.html","title":{"rendered":"Schon mal vom Hotel-Restaurant Monte Bello geh\u00f6rt?"},"content":{"rendered":"<p><strong>Schon mal vom Hotel-Restaurant Monte Bello geh\u00f6rt?<\/strong><\/p>\n<p>Es sieht urig und gem\u00fctlich aus im Biergarten dieses damaligen Hotel-Restaurants im alten Bad Cleve. Diese Zeiten sind mittlerweile leider Geschichte.<br \/>\nDieses wundersch\u00f6ne einladende Geb\u00e4ude stand derzeit an der Nimweger Stra\u00dfe. Zu Zeiten, als der Aussichtsturm neben der Schwanenburg noch zu den gr\u00f6\u00dften Klever Attraktionen geh\u00f6rte, fanden sich zahlreiche G\u00e4ste hier im Schatten am Rande des Tiergartenwaldes ein, um sich ein k\u00fchles Bierchen schmecken zu lassen.<br \/>\nAls Besitzer zu Zeiten des Fotos ist auf dieser Karte Gerhard R\u00fctter benannt. Ein anderer Eigent\u00fcmer zu anderen Zeiten war auch der Hotelwirt Hoymann.<\/p>\n<p>Mehr dazu gibt es auch hier:<\/p>\n<p><a href=\"https:\/\/www.kle-blatt.de\/blog\/?s=monte+bello\"><span style=\"color: #ff0000;\"><strong>KLICK MICH!<\/strong><\/span><\/a><\/p>\n<p><img loading=\"lazy\" decoding=\"async\" class=\"size-full wp-image-25541 aligncenter\" src=\"https:\/\/www.kle-blatt.de\/blog\/wp-content\/uploads\/2019\/07\/hotel-monte-bello.jpg\" alt=\"Schon mal vom Hotel-Restaurant Monte Bello geh\u00f6rt?\" width=\"850\" height=\"613\" srcset=\"https:\/\/www.kle-blatt.de\/blog\/wp-content\/uploads\/2019\/07\/hotel-monte-bello.jpg 850w, https:\/\/www.kle-blatt.de\/blog\/wp-content\/uploads\/2019\/07\/hotel-monte-bello-300x216.jpg 300w, https:\/\/www.kle-blatt.de\/blog\/wp-content\/uploads\/2019\/07\/hotel-monte-bello-768x554.jpg 768w\" sizes=\"auto, (max-width: 850px) 100vw, 850px\" \/><\/p>\n","protected":false},"excerpt":{"rendered":"<p>Schon mal vom Hotel-Restaurant Monte Bello geh\u00f6rt? Es sieht urig und gem\u00fctlich aus im Biergarten dieses damaligen Hotel-Restaurants im alten &hellip; <a href=\"https:\/\/www.kle-blatt.de\/blog\/kleve-in-foto-video\/schon-mal-vom-hotel-restaurant-monte-bello-gehoert.html\" class=\"more-link\"><span class=\"more-button\">Weiterlesen<span class=\"screen-reader-text\">Schon mal vom Hotel-Restaurant Monte Bello geh\u00f6rt?<\/span><\/span><\/a><\/p>\n","protected":false},"author":2,"featured_media":25541,"comment_status":"closed","ping_status":"closed","sticky":false,"template":"","format":"standard","meta":{"footnotes":""},"categories":[3],"tags":[5049],"class_list":["post-25540","post","type-post","status-publish","format-standard","has-post-thumbnail","hentry","category-kleve-in-foto-video","tag-schon-mal-vom-hotel-restaurant-monte-bello-gehoert"],"_links":{"self":[{"href":"https:\/\/www.kle-blatt.de\/blog\/wp-json\/wp\/v2\/posts\/25540","targetHints":{"allow":["GET"]}}],"collection":[{"href":"https:\/\/www.kle-blatt.de\/blog\/wp-json\/wp\/v2\/posts"}],"about":[{"href":"https:\/\/www.kle-blatt.de\/blog\/wp-json\/wp\/v2\/types\/post"}],"author":[{"embeddable":true,"href":"https:\/\/www.kle-blatt.de\/blog\/wp-json\/wp\/v2\/users\/2"}],"replies":[{"embeddable":true,"href":"https:\/\/www.kle-blatt.de\/blog\/wp-json\/wp\/v2\/comments?post=25540"}],"version-history":[{"count":2,"href":"https:\/\/www.kle-blatt.de\/blog\/wp-json\/wp\/v2\/posts\/25540\/revisions"}],"predecessor-version":[{"id":34057,"href":"https:\/\/www.kle-blatt.de\/blog\/wp-json\/wp\/v2\/posts\/25540\/revisions\/34057"}],"wp:featuredmedia":[{"embeddable":true,"href":"https:\/\/www.kle-blatt.de\/blog\/wp-json\/wp\/v2\/media\/25541"}],"wp:attachment":[{"href":"https:\/\/www.kle-blatt.de\/blog\/wp-json\/wp\/v2\/media?parent=25540"}],"wp:term":[{"taxonomy":"category","embeddable":true,"href":"https:\/\/www.kle-blatt.de\/blog\/wp-json\/wp\/v2\/categories?post=25540"},{"taxonomy":"post_tag","embeddable":true,"href":"https:\/\/www.kle-blatt.de\/blog\/wp-json\/wp\/v2\/tags?post=25540"}],"curies":[{"name":"wp","href":"https:\/\/api.w.org\/{rel}","templated":true}]}}