{"id":25543,"date":"2023-08-18T07:10:29","date_gmt":"2023-08-18T05:10:29","guid":{"rendered":"https:\/\/www.kle-blatt.de\/blog\/?p=25543"},"modified":"2023-07-16T13:44:03","modified_gmt":"2023-07-16T11:44:03","slug":"warst-du-auch-auf-der-letzten-faehre-zwischen-kleve-und-emmerich","status":"publish","type":"post","link":"https:\/\/www.kle-blatt.de\/blog\/kleve-in-foto-video\/aus-dem-privatalbum\/warst-du-auch-auf-der-letzten-faehre-zwischen-kleve-und-emmerich.html","title":{"rendered":"Warst Du auch auf der letzten F\u00e4hre zwischen Kleve und Emmerich?"},"content":{"rendered":"<p><strong>Warst Du auch auf der letzten F\u00e4hre zwischen Kleve und Emmerich?<\/strong><\/p>\n<p>Die Rheinbr\u00fccke war gerade ferig gestellt und der F\u00e4hrbetrieb kam zum Ende. Wir sehen hier die letzte F\u00e4hre. Das war am 03. September 1965. Zahlreiche Zuschauer hatten sich eingefunden, um die letzten Passagiere zu begr\u00fc\u00dfen.<\/p>\n<p><img loading=\"lazy\" decoding=\"async\" class=\"size-full wp-image-25544 aligncenter\" src=\"https:\/\/www.kle-blatt.de\/blog\/wp-content\/uploads\/2019\/07\/emmericher-rheinbr\u00fccke-18-klaus.jpg\" alt=\"Warst Du auch auf der letzten F\u00e4hre zwischen Kleve und Emmerich?\" width=\"850\" height=\"573\" srcset=\"https:\/\/www.kle-blatt.de\/blog\/wp-content\/uploads\/2019\/07\/emmericher-rheinbr\u00fccke-18-klaus.jpg 850w, https:\/\/www.kle-blatt.de\/blog\/wp-content\/uploads\/2019\/07\/emmericher-rheinbr\u00fccke-18-klaus-300x202.jpg 300w, https:\/\/www.kle-blatt.de\/blog\/wp-content\/uploads\/2019\/07\/emmericher-rheinbr\u00fccke-18-klaus-768x518.jpg 768w\" sizes=\"auto, (max-width: 850px) 100vw, 850px\" \/><br \/>\n(Foto gezeigt von Klaus Neumann)<\/p>\n","protected":false},"excerpt":{"rendered":"<p>Warst Du auch auf der letzten F\u00e4hre zwischen Kleve und Emmerich? Die Rheinbr\u00fccke war gerade ferig gestellt und der F\u00e4hrbetrieb &hellip; <a href=\"https:\/\/www.kle-blatt.de\/blog\/kleve-in-foto-video\/aus-dem-privatalbum\/warst-du-auch-auf-der-letzten-faehre-zwischen-kleve-und-emmerich.html\" class=\"more-link\"><span class=\"more-button\">Weiterlesen<span class=\"screen-reader-text\">Warst Du auch auf der letzten F\u00e4hre zwischen Kleve und Emmerich?<\/span><\/span><\/a><\/p>\n","protected":false},"author":2,"featured_media":25544,"comment_status":"open","ping_status":"closed","sticky":false,"template":"","format":"standard","meta":{"footnotes":""},"categories":[20],"tags":[5050],"class_list":["post-25543","post","type-post","status-publish","format-standard","has-post-thumbnail","hentry","category-aus-dem-privatalbum","tag-warst-du-auch-auf-der-letzten-faehre-zwischen-kleve-und-emmerich"],"_links":{"self":[{"href":"https:\/\/www.kle-blatt.de\/blog\/wp-json\/wp\/v2\/posts\/25543","targetHints":{"allow":["GET"]}}],"collection":[{"href":"https:\/\/www.kle-blatt.de\/blog\/wp-json\/wp\/v2\/posts"}],"about":[{"href":"https:\/\/www.kle-blatt.de\/blog\/wp-json\/wp\/v2\/types\/post"}],"author":[{"embeddable":true,"href":"https:\/\/www.kle-blatt.de\/blog\/wp-json\/wp\/v2\/users\/2"}],"replies":[{"embeddable":true,"href":"https:\/\/www.kle-blatt.de\/blog\/wp-json\/wp\/v2\/comments?post=25543"}],"version-history":[{"count":1,"href":"https:\/\/www.kle-blatt.de\/blog\/wp-json\/wp\/v2\/posts\/25543\/revisions"}],"predecessor-version":[{"id":32491,"href":"https:\/\/www.kle-blatt.de\/blog\/wp-json\/wp\/v2\/posts\/25543\/revisions\/32491"}],"wp:featuredmedia":[{"embeddable":true,"href":"https:\/\/www.kle-blatt.de\/blog\/wp-json\/wp\/v2\/media\/25544"}],"wp:attachment":[{"href":"https:\/\/www.kle-blatt.de\/blog\/wp-json\/wp\/v2\/media?parent=25543"}],"wp:term":[{"taxonomy":"category","embeddable":true,"href":"https:\/\/www.kle-blatt.de\/blog\/wp-json\/wp\/v2\/categories?post=25543"},{"taxonomy":"post_tag","embeddable":true,"href":"https:\/\/www.kle-blatt.de\/blog\/wp-json\/wp\/v2\/tags?post=25543"}],"curies":[{"name":"wp","href":"https:\/\/api.w.org\/{rel}","templated":true}]}}