{"id":25546,"date":"2024-08-21T06:10:19","date_gmt":"2024-08-21T04:10:19","guid":{"rendered":"https:\/\/www.kle-blatt.de\/blog\/?p=25546"},"modified":"2024-07-03T12:41:54","modified_gmt":"2024-07-03T10:41:54","slug":"erinnerst-du-dich-noch-an-die-vielen-litfasssaeulen-in-kleve","status":"publish","type":"post","link":"https:\/\/www.kle-blatt.de\/blog\/kleve-in-foto-video\/erinnerst-du-dich-noch-an-die-vielen-litfasssaeulen-in-kleve.html","title":{"rendered":"Erinnerst Du Dich noch an die vielen Litfa\u00dfs\u00e4ulen in Kleve?"},"content":{"rendered":"<p><strong>Erinnerst Du Dich noch an die vielen Litfa\u00dfs\u00e4ulen in Kleve?<\/strong><\/p>\n<p>Eine davon kann man ja zum Beispiel noch auf der Kavarinerstra\u00dfe bewundern. Diese Relikte der Au\u00dfenwerbung wurden vom Berliner Drucker Ernst Litfa\u00df im Jahre 1854 erfunden. Im alten Kleve standen etliche davon an markanten Pl\u00e4tzen. Selbst im Zeichen des Internets und der damit verbundenen Online-Werbung haben diese Runds\u00e4ulen nichts von ihrer Faszination verloren, wenn sie die neusten Veranstaltungen mit den aufgeklebten Plakaten ank\u00fcndigen. Auf dem Foto sehen wir eine davon am Spoyufer stehen.<\/p>\n<p><img loading=\"lazy\" decoding=\"async\" class=\"size-full wp-image-25547 aligncenter\" src=\"https:\/\/www.kle-blatt.de\/blog\/wp-content\/uploads\/2019\/07\/litfa\u00df-kleve.jpg\" alt=\"\" width=\"850\" height=\"662\" srcset=\"https:\/\/www.kle-blatt.de\/blog\/wp-content\/uploads\/2019\/07\/litfa\u00df-kleve.jpg 850w, https:\/\/www.kle-blatt.de\/blog\/wp-content\/uploads\/2019\/07\/litfa\u00df-kleve-300x234.jpg 300w, https:\/\/www.kle-blatt.de\/blog\/wp-content\/uploads\/2019\/07\/litfa\u00df-kleve-768x598.jpg 768w\" sizes=\"auto, (max-width: 850px) 100vw, 850px\" \/><\/p>\n","protected":false},"excerpt":{"rendered":"<p>Erinnerst Du Dich noch an die vielen Litfa\u00dfs\u00e4ulen in Kleve? Eine davon kann man ja zum Beispiel noch auf der &hellip; <a href=\"https:\/\/www.kle-blatt.de\/blog\/kleve-in-foto-video\/erinnerst-du-dich-noch-an-die-vielen-litfasssaeulen-in-kleve.html\" class=\"more-link\"><span class=\"more-button\">Weiterlesen<span class=\"screen-reader-text\">Erinnerst Du Dich noch an die vielen Litfa\u00dfs\u00e4ulen in Kleve?<\/span><\/span><\/a><\/p>\n","protected":false},"author":2,"featured_media":25547,"comment_status":"closed","ping_status":"closed","sticky":false,"template":"","format":"standard","meta":{"footnotes":""},"categories":[3],"tags":[5051],"class_list":["post-25546","post","type-post","status-publish","format-standard","has-post-thumbnail","hentry","category-kleve-in-foto-video","tag-erinnerst-du-dich-noch-an-litfass-saeulen-in-kleve"],"_links":{"self":[{"href":"https:\/\/www.kle-blatt.de\/blog\/wp-json\/wp\/v2\/posts\/25546","targetHints":{"allow":["GET"]}}],"collection":[{"href":"https:\/\/www.kle-blatt.de\/blog\/wp-json\/wp\/v2\/posts"}],"about":[{"href":"https:\/\/www.kle-blatt.de\/blog\/wp-json\/wp\/v2\/types\/post"}],"author":[{"embeddable":true,"href":"https:\/\/www.kle-blatt.de\/blog\/wp-json\/wp\/v2\/users\/2"}],"replies":[{"embeddable":true,"href":"https:\/\/www.kle-blatt.de\/blog\/wp-json\/wp\/v2\/comments?post=25546"}],"version-history":[{"count":2,"href":"https:\/\/www.kle-blatt.de\/blog\/wp-json\/wp\/v2\/posts\/25546\/revisions"}],"predecessor-version":[{"id":34072,"href":"https:\/\/www.kle-blatt.de\/blog\/wp-json\/wp\/v2\/posts\/25546\/revisions\/34072"}],"wp:featuredmedia":[{"embeddable":true,"href":"https:\/\/www.kle-blatt.de\/blog\/wp-json\/wp\/v2\/media\/25547"}],"wp:attachment":[{"href":"https:\/\/www.kle-blatt.de\/blog\/wp-json\/wp\/v2\/media?parent=25546"}],"wp:term":[{"taxonomy":"category","embeddable":true,"href":"https:\/\/www.kle-blatt.de\/blog\/wp-json\/wp\/v2\/categories?post=25546"},{"taxonomy":"post_tag","embeddable":true,"href":"https:\/\/www.kle-blatt.de\/blog\/wp-json\/wp\/v2\/tags?post=25546"}],"curies":[{"name":"wp","href":"https:\/\/api.w.org\/{rel}","templated":true}]}}