{"id":25549,"date":"2023-08-23T07:10:48","date_gmt":"2023-08-23T05:10:48","guid":{"rendered":"https:\/\/www.kle-blatt.de\/blog\/?p=25549"},"modified":"2023-07-16T13:48:29","modified_gmt":"2023-07-16T11:48:29","slug":"hast-du-auch-das-alien-raumschiff-in-kleve-gesehen","status":"publish","type":"post","link":"https:\/\/www.kle-blatt.de\/blog\/kleve-in-foto-video\/aus-dem-privatalbum\/hast-du-auch-das-alien-raumschiff-in-kleve-gesehen.html","title":{"rendered":"Hast Du auch das Alien-Raumschiff in Kleve gesehen?"},"content":{"rendered":"<p><strong>Hast Du auch das Alien-Raumschiff in Kleve gesehen?<\/strong><\/p>\n<p>Es scheint sich als Landeplatz die Fu\u00dfg\u00e4ngerzone in der Gro\u00dfen Stra\u00dfe ausgesucht zu haben. M\u00f6glicherweise stimmt sogar die Aussage auf dem Bild, da\u00df die Klever Innenstadt interessant ist f\u00fcr neue Investoren. Solange sie in friedlicher Absicht kommen. \ud83d\ude42<\/p>\n<p><img loading=\"lazy\" decoding=\"async\" class=\"size-full wp-image-25550 aligncenter\" src=\"https:\/\/www.kle-blatt.de\/blog\/wp-content\/uploads\/2019\/07\/alien-in-kleve-deeborre.jpg\" alt=\"Hast Du auch das Alien-Raumschiff in Kleve gesehen?\" width=\"850\" height=\"956\" srcset=\"https:\/\/www.kle-blatt.de\/blog\/wp-content\/uploads\/2019\/07\/alien-in-kleve-deeborre.jpg 850w, https:\/\/www.kle-blatt.de\/blog\/wp-content\/uploads\/2019\/07\/alien-in-kleve-deeborre-267x300.jpg 267w, https:\/\/www.kle-blatt.de\/blog\/wp-content\/uploads\/2019\/07\/alien-in-kleve-deeborre-768x864.jpg 768w\" sizes=\"auto, (max-width: 850px) 100vw, 850px\" \/><br \/>\n(Bild + Bearbeitung: Dieter Borrmann)<\/p>\n","protected":false},"excerpt":{"rendered":"<p>Hast Du auch das Alien-Raumschiff in Kleve gesehen? Es scheint sich als Landeplatz die Fu\u00dfg\u00e4ngerzone in der Gro\u00dfen Stra\u00dfe ausgesucht &hellip; <a href=\"https:\/\/www.kle-blatt.de\/blog\/kleve-in-foto-video\/aus-dem-privatalbum\/hast-du-auch-das-alien-raumschiff-in-kleve-gesehen.html\" class=\"more-link\"><span class=\"more-button\">Weiterlesen<span class=\"screen-reader-text\">Hast Du auch das Alien-Raumschiff in Kleve gesehen?<\/span><\/span><\/a><\/p>\n","protected":false},"author":2,"featured_media":25550,"comment_status":"open","ping_status":"closed","sticky":false,"template":"","format":"standard","meta":{"footnotes":""},"categories":[20],"tags":[5052],"class_list":["post-25549","post","type-post","status-publish","format-standard","has-post-thumbnail","hentry","category-aus-dem-privatalbum","tag-hast-du-auch-das-alien-raumschiff-in-kleve-gesehen"],"_links":{"self":[{"href":"https:\/\/www.kle-blatt.de\/blog\/wp-json\/wp\/v2\/posts\/25549","targetHints":{"allow":["GET"]}}],"collection":[{"href":"https:\/\/www.kle-blatt.de\/blog\/wp-json\/wp\/v2\/posts"}],"about":[{"href":"https:\/\/www.kle-blatt.de\/blog\/wp-json\/wp\/v2\/types\/post"}],"author":[{"embeddable":true,"href":"https:\/\/www.kle-blatt.de\/blog\/wp-json\/wp\/v2\/users\/2"}],"replies":[{"embeddable":true,"href":"https:\/\/www.kle-blatt.de\/blog\/wp-json\/wp\/v2\/comments?post=25549"}],"version-history":[{"count":1,"href":"https:\/\/www.kle-blatt.de\/blog\/wp-json\/wp\/v2\/posts\/25549\/revisions"}],"predecessor-version":[{"id":32495,"href":"https:\/\/www.kle-blatt.de\/blog\/wp-json\/wp\/v2\/posts\/25549\/revisions\/32495"}],"wp:featuredmedia":[{"embeddable":true,"href":"https:\/\/www.kle-blatt.de\/blog\/wp-json\/wp\/v2\/media\/25550"}],"wp:attachment":[{"href":"https:\/\/www.kle-blatt.de\/blog\/wp-json\/wp\/v2\/media?parent=25549"}],"wp:term":[{"taxonomy":"category","embeddable":true,"href":"https:\/\/www.kle-blatt.de\/blog\/wp-json\/wp\/v2\/categories?post=25549"},{"taxonomy":"post_tag","embeddable":true,"href":"https:\/\/www.kle-blatt.de\/blog\/wp-json\/wp\/v2\/tags?post=25549"}],"curies":[{"name":"wp","href":"https:\/\/api.w.org\/{rel}","templated":true}]}}