{"id":25571,"date":"2023-08-30T07:10:41","date_gmt":"2023-08-30T05:10:41","guid":{"rendered":"https:\/\/www.kle-blatt.de\/blog\/?p=25571"},"modified":"2023-07-16T13:53:52","modified_gmt":"2023-07-16T11:53:52","slug":"noch-erkannt-der-klosterplatz-in-den-fuenfzigern","status":"publish","type":"post","link":"https:\/\/www.kle-blatt.de\/blog\/kleve-in-foto-video\/noch-erkannt-der-klosterplatz-in-den-fuenfzigern.html","title":{"rendered":"Noch erkannt? Der Klosterplatz in den F\u00fcnfzigern"},"content":{"rendered":"<p><strong>Noch erkannt? Der Klosterplatz in den F\u00fcnfzigern<\/strong><\/p>\n<p>Es war die Zeit des Aufschwungs. Kleve wurde wieder aufgebaut. Links befand sich das Kino Skala, wie man an den Schauk\u00e4sten sehen kann. Einen weiteren Schaukasten, der die Aushangfotos f\u00fcr die Filme im Burgtheater zeigte, befand sich hinter dem rechten Geb\u00e4ude, ganz in der N\u00e4he des beliebten Kiosk und dem Verkehrspavillon. Viele werden sich erinnern.<\/p>\n<p><img loading=\"lazy\" decoding=\"async\" class=\"alignleft size-full wp-image-25572\" src=\"https:\/\/www.kle-blatt.de\/blog\/wp-content\/uploads\/2019\/07\/skala-schaukasten.jpg\" alt=\"Noch erkannt? Der Klosterplatz in den F\u00fcnfzigern\" width=\"850\" height=\"581\" srcset=\"https:\/\/www.kle-blatt.de\/blog\/wp-content\/uploads\/2019\/07\/skala-schaukasten.jpg 850w, https:\/\/www.kle-blatt.de\/blog\/wp-content\/uploads\/2019\/07\/skala-schaukasten-300x205.jpg 300w, https:\/\/www.kle-blatt.de\/blog\/wp-content\/uploads\/2019\/07\/skala-schaukasten-768x525.jpg 768w\" sizes=\"auto, (max-width: 850px) 100vw, 850px\" \/><\/p>\n","protected":false},"excerpt":{"rendered":"<p>Noch erkannt? Der Klosterplatz in den F\u00fcnfzigern Es war die Zeit des Aufschwungs. Kleve wurde wieder aufgebaut. Links befand sich &hellip; <a href=\"https:\/\/www.kle-blatt.de\/blog\/kleve-in-foto-video\/noch-erkannt-der-klosterplatz-in-den-fuenfzigern.html\" class=\"more-link\"><span class=\"more-button\">Weiterlesen<span class=\"screen-reader-text\">Noch erkannt? Der Klosterplatz in den F\u00fcnfzigern<\/span><\/span><\/a><\/p>\n","protected":false},"author":2,"featured_media":25572,"comment_status":"open","ping_status":"closed","sticky":false,"template":"","format":"standard","meta":{"footnotes":""},"categories":[3],"tags":[5061],"class_list":["post-25571","post","type-post","status-publish","format-standard","has-post-thumbnail","hentry","category-kleve-in-foto-video","tag-noch-erkannt-der-klosterplatz-in-den-fuenfzigern"],"_links":{"self":[{"href":"https:\/\/www.kle-blatt.de\/blog\/wp-json\/wp\/v2\/posts\/25571","targetHints":{"allow":["GET"]}}],"collection":[{"href":"https:\/\/www.kle-blatt.de\/blog\/wp-json\/wp\/v2\/posts"}],"about":[{"href":"https:\/\/www.kle-blatt.de\/blog\/wp-json\/wp\/v2\/types\/post"}],"author":[{"embeddable":true,"href":"https:\/\/www.kle-blatt.de\/blog\/wp-json\/wp\/v2\/users\/2"}],"replies":[{"embeddable":true,"href":"https:\/\/www.kle-blatt.de\/blog\/wp-json\/wp\/v2\/comments?post=25571"}],"version-history":[{"count":1,"href":"https:\/\/www.kle-blatt.de\/blog\/wp-json\/wp\/v2\/posts\/25571\/revisions"}],"predecessor-version":[{"id":32500,"href":"https:\/\/www.kle-blatt.de\/blog\/wp-json\/wp\/v2\/posts\/25571\/revisions\/32500"}],"wp:featuredmedia":[{"embeddable":true,"href":"https:\/\/www.kle-blatt.de\/blog\/wp-json\/wp\/v2\/media\/25572"}],"wp:attachment":[{"href":"https:\/\/www.kle-blatt.de\/blog\/wp-json\/wp\/v2\/media?parent=25571"}],"wp:term":[{"taxonomy":"category","embeddable":true,"href":"https:\/\/www.kle-blatt.de\/blog\/wp-json\/wp\/v2\/categories?post=25571"},{"taxonomy":"post_tag","embeddable":true,"href":"https:\/\/www.kle-blatt.de\/blog\/wp-json\/wp\/v2\/tags?post=25571"}],"curies":[{"name":"wp","href":"https:\/\/api.w.org\/{rel}","templated":true}]}}