{"id":25598,"date":"2024-08-30T06:10:04","date_gmt":"2024-08-30T04:10:04","guid":{"rendered":"https:\/\/www.kle-blatt.de\/blog\/?p=25598"},"modified":"2024-07-03T12:58:38","modified_gmt":"2024-07-03T10:58:38","slug":"hast-du-damals-bei-moderno-moden-eingekauft","status":"publish","type":"post","link":"https:\/\/www.kle-blatt.de\/blog\/kleve-in-foto-video\/aus-dem-privatalbum\/hast-du-damals-bei-moderno-moden-eingekauft.html","title":{"rendered":"Hast Du damals bei Moderno Moden eingekauft?"},"content":{"rendered":"<p><strong>Hast Du damals bei Moderno Moden eingekauft?<\/strong><\/p>\n<p>Wenn ja, hat es nicht viel gen\u00fctzt, denn das Gesch\u00e4ft gibt es schon etwas l\u00e4nger nicht mehr. Nachdem Cafe&#8216; Sch\u00fcrings am gleichen Ort die Pforten geschlossen hatte, gab es wechselnde Gesch\u00e4fte dort, bevor dieser markante Geb\u00e4udeteil zum Haupteingang der Neuen Mitte avancierte.<\/p>\n<p><img loading=\"lazy\" decoding=\"async\" class=\"size-full wp-image-25599 aligncenter\" src=\"https:\/\/www.kle-blatt.de\/blog\/wp-content\/uploads\/2019\/07\/000-moderno-moden-helmut-engel-1.jpg\" alt=\"Hast Du damals bei Moderno Moden eingekauft?\" width=\"850\" height=\"584\" srcset=\"https:\/\/www.kle-blatt.de\/blog\/wp-content\/uploads\/2019\/07\/000-moderno-moden-helmut-engel-1.jpg 850w, https:\/\/www.kle-blatt.de\/blog\/wp-content\/uploads\/2019\/07\/000-moderno-moden-helmut-engel-1-300x206.jpg 300w, https:\/\/www.kle-blatt.de\/blog\/wp-content\/uploads\/2019\/07\/000-moderno-moden-helmut-engel-1-768x528.jpg 768w\" sizes=\"auto, (max-width: 850px) 100vw, 850px\" \/><br \/>\n(Foto: Helmut Engel)<\/p>\n","protected":false},"excerpt":{"rendered":"<p>Hast Du damals bei Moderno Moden eingekauft? Wenn ja, hat es nicht viel gen\u00fctzt, denn das Gesch\u00e4ft gibt es schon &hellip; <a href=\"https:\/\/www.kle-blatt.de\/blog\/kleve-in-foto-video\/aus-dem-privatalbum\/hast-du-damals-bei-moderno-moden-eingekauft.html\" class=\"more-link\"><span class=\"more-button\">Weiterlesen<span class=\"screen-reader-text\">Hast Du damals bei Moderno Moden eingekauft?<\/span><\/span><\/a><\/p>\n","protected":false},"author":2,"featured_media":25599,"comment_status":"closed","ping_status":"closed","sticky":false,"template":"","format":"standard","meta":{"footnotes":""},"categories":[20],"tags":[5070],"class_list":["post-25598","post","type-post","status-publish","format-standard","has-post-thumbnail","hentry","category-aus-dem-privatalbum","tag-hast-du-damals-bei-moderno-moden-eingekauft"],"_links":{"self":[{"href":"https:\/\/www.kle-blatt.de\/blog\/wp-json\/wp\/v2\/posts\/25598","targetHints":{"allow":["GET"]}}],"collection":[{"href":"https:\/\/www.kle-blatt.de\/blog\/wp-json\/wp\/v2\/posts"}],"about":[{"href":"https:\/\/www.kle-blatt.de\/blog\/wp-json\/wp\/v2\/types\/post"}],"author":[{"embeddable":true,"href":"https:\/\/www.kle-blatt.de\/blog\/wp-json\/wp\/v2\/users\/2"}],"replies":[{"embeddable":true,"href":"https:\/\/www.kle-blatt.de\/blog\/wp-json\/wp\/v2\/comments?post=25598"}],"version-history":[{"count":1,"href":"https:\/\/www.kle-blatt.de\/blog\/wp-json\/wp\/v2\/posts\/25598\/revisions"}],"predecessor-version":[{"id":34088,"href":"https:\/\/www.kle-blatt.de\/blog\/wp-json\/wp\/v2\/posts\/25598\/revisions\/34088"}],"wp:featuredmedia":[{"embeddable":true,"href":"https:\/\/www.kle-blatt.de\/blog\/wp-json\/wp\/v2\/media\/25599"}],"wp:attachment":[{"href":"https:\/\/www.kle-blatt.de\/blog\/wp-json\/wp\/v2\/media?parent=25598"}],"wp:term":[{"taxonomy":"category","embeddable":true,"href":"https:\/\/www.kle-blatt.de\/blog\/wp-json\/wp\/v2\/categories?post=25598"},{"taxonomy":"post_tag","embeddable":true,"href":"https:\/\/www.kle-blatt.de\/blog\/wp-json\/wp\/v2\/tags?post=25598"}],"curies":[{"name":"wp","href":"https:\/\/api.w.org\/{rel}","templated":true}]}}