{"id":25608,"date":"2019-07-29T10:30:34","date_gmt":"2019-07-29T08:30:34","guid":{"rendered":"https:\/\/www.kle-blatt.de\/blog\/?p=25608"},"modified":"2019-07-29T10:30:34","modified_gmt":"2019-07-29T08:30:34","slug":"wir-braeuchten-dringend-wieder-regen","status":"publish","type":"post","link":"https:\/\/www.kle-blatt.de\/blog\/kleve-in-foto-video\/aus-dem-privatalbum\/wir-braeuchten-dringend-wieder-regen.html","title":{"rendered":"Wir br\u00e4uchten dringend wieder Regen"},"content":{"rendered":"<p><strong>Wir br\u00e4uchten dringend wieder Regen<\/strong><\/p>\n<p>Es w\u00e4re doch niederschmetternd, wenn diese Vision Wahrheit werden w\u00fcrde. Wenn der Wetterumschwung sich weiter so fortsetzt und der Regen sich in ausreichendem Ma\u00dfe nicht mehr blicken l\u00e4sst, dann k\u00f6nnte ein solches Trauma eines Tages Wirklichkeit werden.<\/p>\n<p><img loading=\"lazy\" decoding=\"async\" class=\"alignleft size-full wp-image-25609\" src=\"https:\/\/www.kle-blatt.de\/blog\/wp-content\/uploads\/2019\/07\/deeborre.jpg\" alt=\"Wir br\u00e4uchten dringend wieder Regen\" width=\"850\" height=\"995\" srcset=\"https:\/\/www.kle-blatt.de\/blog\/wp-content\/uploads\/2019\/07\/deeborre.jpg 850w, https:\/\/www.kle-blatt.de\/blog\/wp-content\/uploads\/2019\/07\/deeborre-256x300.jpg 256w, https:\/\/www.kle-blatt.de\/blog\/wp-content\/uploads\/2019\/07\/deeborre-768x899.jpg 768w\" sizes=\"auto, (max-width: 850px) 100vw, 850px\" \/><br \/>\n(Bild + Bearbeitung: Dieter Borrmann)<\/p>\n","protected":false},"excerpt":{"rendered":"<p>Wir br\u00e4uchten dringend wieder Regen Es w\u00e4re doch niederschmetternd, wenn diese Vision Wahrheit werden w\u00fcrde. Wenn der Wetterumschwung sich weiter &hellip; <a href=\"https:\/\/www.kle-blatt.de\/blog\/kleve-in-foto-video\/aus-dem-privatalbum\/wir-braeuchten-dringend-wieder-regen.html\" class=\"more-link\"><span class=\"more-button\">Weiterlesen<span class=\"screen-reader-text\">Wir br\u00e4uchten dringend wieder Regen<\/span><\/span><\/a><\/p>\n","protected":false},"author":2,"featured_media":0,"comment_status":"open","ping_status":"closed","sticky":false,"template":"","format":"standard","meta":{"footnotes":""},"categories":[20],"tags":[5073],"class_list":["post-25608","post","type-post","status-publish","format-standard","hentry","category-aus-dem-privatalbum","tag-wir-braeuchten-dringend-wieder-regen"],"_links":{"self":[{"href":"https:\/\/www.kle-blatt.de\/blog\/wp-json\/wp\/v2\/posts\/25608","targetHints":{"allow":["GET"]}}],"collection":[{"href":"https:\/\/www.kle-blatt.de\/blog\/wp-json\/wp\/v2\/posts"}],"about":[{"href":"https:\/\/www.kle-blatt.de\/blog\/wp-json\/wp\/v2\/types\/post"}],"author":[{"embeddable":true,"href":"https:\/\/www.kle-blatt.de\/blog\/wp-json\/wp\/v2\/users\/2"}],"replies":[{"embeddable":true,"href":"https:\/\/www.kle-blatt.de\/blog\/wp-json\/wp\/v2\/comments?post=25608"}],"version-history":[{"count":0,"href":"https:\/\/www.kle-blatt.de\/blog\/wp-json\/wp\/v2\/posts\/25608\/revisions"}],"wp:attachment":[{"href":"https:\/\/www.kle-blatt.de\/blog\/wp-json\/wp\/v2\/media?parent=25608"}],"wp:term":[{"taxonomy":"category","embeddable":true,"href":"https:\/\/www.kle-blatt.de\/blog\/wp-json\/wp\/v2\/categories?post=25608"},{"taxonomy":"post_tag","embeddable":true,"href":"https:\/\/www.kle-blatt.de\/blog\/wp-json\/wp\/v2\/tags?post=25608"}],"curies":[{"name":"wp","href":"https:\/\/api.w.org\/{rel}","templated":true}]}}