{"id":25677,"date":"2024-09-22T06:10:45","date_gmt":"2024-09-22T04:10:45","guid":{"rendered":"https:\/\/www.kle-blatt.de\/blog\/?p=25677"},"modified":"2024-07-24T11:17:37","modified_gmt":"2024-07-24T09:17:37","slug":"die-kamin-parade-auf-der-schwanenburg","status":"publish","type":"post","link":"https:\/\/www.kle-blatt.de\/blog\/kleve-in-foto-video\/die-kamin-parade-auf-der-schwanenburg.html","title":{"rendered":"Die Kamin-Parade auf der Schwanenburg"},"content":{"rendered":"<p><strong>Die Kamin-Parade auf der Schwanenburg<\/strong><\/p>\n<p>Beim Betrachten dieses Bildes von der alten Schwanenburg kann man bei normalem Hinsehen \u00fcber f\u00fcnfzehn Schornsteine bzw. Rauchabz\u00fcge erblicken. Man muss sich wirklich fragen, womit dort damals geheizt wurde.<\/p>\n<p><img loading=\"lazy\" decoding=\"async\" class=\"size-full wp-image-25678 aligncenter\" src=\"https:\/\/www.kle-blatt.de\/blog\/wp-content\/uploads\/2019\/08\/burg-als-gef\u00e4ngnis-heinz-goertz.jpg\" alt=\"Die Kamin-Parade auf der Schwanenburg\" width=\"850\" height=\"508\" srcset=\"https:\/\/www.kle-blatt.de\/blog\/wp-content\/uploads\/2019\/08\/burg-als-gef\u00e4ngnis-heinz-goertz.jpg 850w, https:\/\/www.kle-blatt.de\/blog\/wp-content\/uploads\/2019\/08\/burg-als-gef\u00e4ngnis-heinz-goertz-300x179.jpg 300w, https:\/\/www.kle-blatt.de\/blog\/wp-content\/uploads\/2019\/08\/burg-als-gef\u00e4ngnis-heinz-goertz-768x459.jpg 768w, https:\/\/www.kle-blatt.de\/blog\/wp-content\/uploads\/2019\/08\/burg-als-gef\u00e4ngnis-heinz-goertz-500x300.jpg 500w\" sizes=\"auto, (max-width: 850px) 100vw, 850px\" \/><br \/>\n(Bild gezeigt von Heinz Goertz)<\/p>\n","protected":false},"excerpt":{"rendered":"<p>Die Kamin-Parade auf der Schwanenburg Beim Betrachten dieses Bildes von der alten Schwanenburg kann man bei normalem Hinsehen \u00fcber f\u00fcnfzehn &hellip; <a href=\"https:\/\/www.kle-blatt.de\/blog\/kleve-in-foto-video\/die-kamin-parade-auf-der-schwanenburg.html\" class=\"more-link\"><span class=\"more-button\">Weiterlesen<span class=\"screen-reader-text\">Die Kamin-Parade auf der Schwanenburg<\/span><\/span><\/a><\/p>\n","protected":false},"author":2,"featured_media":25678,"comment_status":"closed","ping_status":"closed","sticky":false,"template":"","format":"standard","meta":{"footnotes":""},"categories":[3],"tags":[5091],"class_list":["post-25677","post","type-post","status-publish","format-standard","has-post-thumbnail","hentry","category-kleve-in-foto-video","tag-die-kamin-parade-auf-der-schwanenburg"],"_links":{"self":[{"href":"https:\/\/www.kle-blatt.de\/blog\/wp-json\/wp\/v2\/posts\/25677","targetHints":{"allow":["GET"]}}],"collection":[{"href":"https:\/\/www.kle-blatt.de\/blog\/wp-json\/wp\/v2\/posts"}],"about":[{"href":"https:\/\/www.kle-blatt.de\/blog\/wp-json\/wp\/v2\/types\/post"}],"author":[{"embeddable":true,"href":"https:\/\/www.kle-blatt.de\/blog\/wp-json\/wp\/v2\/users\/2"}],"replies":[{"embeddable":true,"href":"https:\/\/www.kle-blatt.de\/blog\/wp-json\/wp\/v2\/comments?post=25677"}],"version-history":[{"count":2,"href":"https:\/\/www.kle-blatt.de\/blog\/wp-json\/wp\/v2\/posts\/25677\/revisions"}],"predecessor-version":[{"id":34175,"href":"https:\/\/www.kle-blatt.de\/blog\/wp-json\/wp\/v2\/posts\/25677\/revisions\/34175"}],"wp:featuredmedia":[{"embeddable":true,"href":"https:\/\/www.kle-blatt.de\/blog\/wp-json\/wp\/v2\/media\/25678"}],"wp:attachment":[{"href":"https:\/\/www.kle-blatt.de\/blog\/wp-json\/wp\/v2\/media?parent=25677"}],"wp:term":[{"taxonomy":"category","embeddable":true,"href":"https:\/\/www.kle-blatt.de\/blog\/wp-json\/wp\/v2\/categories?post=25677"},{"taxonomy":"post_tag","embeddable":true,"href":"https:\/\/www.kle-blatt.de\/blog\/wp-json\/wp\/v2\/tags?post=25677"}],"curies":[{"name":"wp","href":"https:\/\/api.w.org\/{rel}","templated":true}]}}