{"id":25686,"date":"2023-09-04T06:10:55","date_gmt":"2023-09-04T04:10:55","guid":{"rendered":"https:\/\/www.kle-blatt.de\/blog\/?p=25686"},"modified":"2023-08-14T13:26:47","modified_gmt":"2023-08-14T11:26:47","slug":"was-schwimmt-denn-da-unten","status":"publish","type":"post","link":"https:\/\/www.kle-blatt.de\/blog\/kleve-in-foto-video\/aus-dem-privatalbum\/was-schwimmt-denn-da-unten.html","title":{"rendered":"Was schwimmt denn da unten?"},"content":{"rendered":"<p><strong>Was schwimmt denn da unten?<\/strong><\/p>\n<p>Das m\u00f6gen sich die beiden M\u00e4nner im Vordergrund fragen. Sie schauen w\u00e4hrend der Bauarbeiten an der Rheinbr\u00fccke Kleve-Emmerich in die Tiefe und scheinen etwas zu beobachten, was uns Betrachtern nicht erschlossen wird. Ein ewiges Geheimnis.<\/p>\n<p><img loading=\"lazy\" decoding=\"async\" class=\"size-full wp-image-25687 aligncenter\" src=\"https:\/\/www.kle-blatt.de\/blog\/wp-content\/uploads\/2019\/08\/emmericher-rheinbr\u00fccke-4-klaus.jpg\" alt=\"Was schwimmt denn da unten?\" width=\"850\" height=\"519\" srcset=\"https:\/\/www.kle-blatt.de\/blog\/wp-content\/uploads\/2019\/08\/emmericher-rheinbr\u00fccke-4-klaus.jpg 850w, https:\/\/www.kle-blatt.de\/blog\/wp-content\/uploads\/2019\/08\/emmericher-rheinbr\u00fccke-4-klaus-300x183.jpg 300w, https:\/\/www.kle-blatt.de\/blog\/wp-content\/uploads\/2019\/08\/emmericher-rheinbr\u00fccke-4-klaus-768x469.jpg 768w\" sizes=\"auto, (max-width: 850px) 100vw, 850px\" \/><br \/>\n(Bild gezeigt von Klaus Neumann)<\/p>\n","protected":false},"excerpt":{"rendered":"<p>Was schwimmt denn da unten? Das m\u00f6gen sich die beiden M\u00e4nner im Vordergrund fragen. Sie schauen w\u00e4hrend der Bauarbeiten an &hellip; <a href=\"https:\/\/www.kle-blatt.de\/blog\/kleve-in-foto-video\/aus-dem-privatalbum\/was-schwimmt-denn-da-unten.html\" class=\"more-link\"><span class=\"more-button\">Weiterlesen<span class=\"screen-reader-text\">Was schwimmt denn da unten?<\/span><\/span><\/a><\/p>\n","protected":false},"author":2,"featured_media":25687,"comment_status":"closed","ping_status":"closed","sticky":false,"template":"","format":"standard","meta":{"footnotes":""},"categories":[20],"tags":[5094],"class_list":["post-25686","post","type-post","status-publish","format-standard","has-post-thumbnail","hentry","category-aus-dem-privatalbum","tag-was-schwimmt-denn-da-unten"],"_links":{"self":[{"href":"https:\/\/www.kle-blatt.de\/blog\/wp-json\/wp\/v2\/posts\/25686","targetHints":{"allow":["GET"]}}],"collection":[{"href":"https:\/\/www.kle-blatt.de\/blog\/wp-json\/wp\/v2\/posts"}],"about":[{"href":"https:\/\/www.kle-blatt.de\/blog\/wp-json\/wp\/v2\/types\/post"}],"author":[{"embeddable":true,"href":"https:\/\/www.kle-blatt.de\/blog\/wp-json\/wp\/v2\/users\/2"}],"replies":[{"embeddable":true,"href":"https:\/\/www.kle-blatt.de\/blog\/wp-json\/wp\/v2\/comments?post=25686"}],"version-history":[{"count":1,"href":"https:\/\/www.kle-blatt.de\/blog\/wp-json\/wp\/v2\/posts\/25686\/revisions"}],"predecessor-version":[{"id":32614,"href":"https:\/\/www.kle-blatt.de\/blog\/wp-json\/wp\/v2\/posts\/25686\/revisions\/32614"}],"wp:featuredmedia":[{"embeddable":true,"href":"https:\/\/www.kle-blatt.de\/blog\/wp-json\/wp\/v2\/media\/25687"}],"wp:attachment":[{"href":"https:\/\/www.kle-blatt.de\/blog\/wp-json\/wp\/v2\/media?parent=25686"}],"wp:term":[{"taxonomy":"category","embeddable":true,"href":"https:\/\/www.kle-blatt.de\/blog\/wp-json\/wp\/v2\/categories?post=25686"},{"taxonomy":"post_tag","embeddable":true,"href":"https:\/\/www.kle-blatt.de\/blog\/wp-json\/wp\/v2\/tags?post=25686"}],"curies":[{"name":"wp","href":"https:\/\/api.w.org\/{rel}","templated":true}]}}