{"id":25755,"date":"2024-09-14T07:10:01","date_gmt":"2024-09-14T05:10:01","guid":{"rendered":"https:\/\/www.kle-blatt.de\/blog\/?p=25755"},"modified":"2024-07-24T14:06:36","modified_gmt":"2024-07-24T12:06:36","slug":"der-ursprungsort-des-klever-schuesterken","status":"publish","type":"post","link":"https:\/\/www.kle-blatt.de\/blog\/kleve-in-foto-video\/der-ursprungsort-des-klever-schuesterken.html","title":{"rendered":"Der Ursprungsort des Klever Sch\u00fcsterken"},"content":{"rendered":"<p><strong>Der Ursprungsort des Klever Sch\u00fcsterken<\/strong><\/p>\n<p>Mit Blick nach Kellen &#8211; so stand das Spuckm\u00e4nneken an seinem urspr\u00fcnglichen Platz an seinem Brunnen. Man sieht im Hintergrund noch das stark \u00fcberwucherte Spoyufer und die B\u00e4ume, die sp\u00e4ter dem Spoycenter weichen mussten.<\/p>\n<p><img loading=\"lazy\" decoding=\"async\" class=\"size-full wp-image-25756 aligncenter\" src=\"https:\/\/www.kle-blatt.de\/blog\/wp-content\/uploads\/2019\/08\/001-sch\u00fcsterken.jpg\" alt=\"Der Ursprungsort des Klever Sch\u00fcsterken\" width=\"850\" height=\"510\" \/><\/p>\n","protected":false},"excerpt":{"rendered":"<p>Der Ursprungsort des Klever Sch\u00fcsterken Mit Blick nach Kellen &#8211; so stand das Spuckm\u00e4nneken an seinem urspr\u00fcnglichen Platz an seinem &hellip; <a href=\"https:\/\/www.kle-blatt.de\/blog\/kleve-in-foto-video\/der-ursprungsort-des-klever-schuesterken.html\" class=\"more-link\"><span class=\"more-button\">Weiterlesen<span class=\"screen-reader-text\">Der Ursprungsort des Klever Sch\u00fcsterken<\/span><\/span><\/a><\/p>\n","protected":false},"author":2,"featured_media":25756,"comment_status":"closed","ping_status":"closed","sticky":false,"template":"","format":"standard","meta":{"footnotes":""},"categories":[3],"tags":[5113],"class_list":["post-25755","post","type-post","status-publish","format-standard","has-post-thumbnail","hentry","category-kleve-in-foto-video","tag-der-ursprungsort-des-klever-schuesterken"],"_links":{"self":[{"href":"https:\/\/www.kle-blatt.de\/blog\/wp-json\/wp\/v2\/posts\/25755","targetHints":{"allow":["GET"]}}],"collection":[{"href":"https:\/\/www.kle-blatt.de\/blog\/wp-json\/wp\/v2\/posts"}],"about":[{"href":"https:\/\/www.kle-blatt.de\/blog\/wp-json\/wp\/v2\/types\/post"}],"author":[{"embeddable":true,"href":"https:\/\/www.kle-blatt.de\/blog\/wp-json\/wp\/v2\/users\/2"}],"replies":[{"embeddable":true,"href":"https:\/\/www.kle-blatt.de\/blog\/wp-json\/wp\/v2\/comments?post=25755"}],"version-history":[{"count":2,"href":"https:\/\/www.kle-blatt.de\/blog\/wp-json\/wp\/v2\/posts\/25755\/revisions"}],"predecessor-version":[{"id":34197,"href":"https:\/\/www.kle-blatt.de\/blog\/wp-json\/wp\/v2\/posts\/25755\/revisions\/34197"}],"wp:featuredmedia":[{"embeddable":true,"href":"https:\/\/www.kle-blatt.de\/blog\/wp-json\/wp\/v2\/media\/25756"}],"wp:attachment":[{"href":"https:\/\/www.kle-blatt.de\/blog\/wp-json\/wp\/v2\/media?parent=25755"}],"wp:term":[{"taxonomy":"category","embeddable":true,"href":"https:\/\/www.kle-blatt.de\/blog\/wp-json\/wp\/v2\/categories?post=25755"},{"taxonomy":"post_tag","embeddable":true,"href":"https:\/\/www.kle-blatt.de\/blog\/wp-json\/wp\/v2\/tags?post=25755"}],"curies":[{"name":"wp","href":"https:\/\/api.w.org\/{rel}","templated":true}]}}