{"id":25904,"date":"2024-10-24T06:10:13","date_gmt":"2024-10-24T04:10:13","guid":{"rendered":"https:\/\/www.kle-blatt.de\/blog\/?p=25904"},"modified":"2024-08-22T11:50:11","modified_gmt":"2024-08-22T09:50:11","slug":"beratung-ueber-die-rheinbruecke-kleve-emmerich","status":"publish","type":"post","link":"https:\/\/www.kle-blatt.de\/blog\/kleve-in-foto-video\/aus-dem-privatalbum\/beratung-ueber-die-rheinbruecke-kleve-emmerich.html","title":{"rendered":"Beratung \u00fcber die Rheinbr\u00fccke Kleve-Emmerich"},"content":{"rendered":"<p><strong>Beratung \u00fcber die Rheinbr\u00fccke Kleve-Emmerich<\/strong><\/p>\n<p>Wir sehen hier zwei Ingenieure(?), die sich \u00fcber den Fortschritt beim Bau der Rheinbr\u00fccke Kleve-Emmerich zu orientieren scheinen. Beeindruckende Stahlarbeiten.<\/p>\n<p><img loading=\"lazy\" decoding=\"async\" class=\"size-full wp-image-25905 aligncenter\" src=\"https:\/\/www.kle-blatt.de\/blog\/wp-content\/uploads\/2019\/09\/emmericher-rheinbr\u00fccke-5-klaus.jpg\" alt=\"Beratung \u00fcber die Rheinbr\u00fccke Kleve-Emmerich\" width=\"850\" height=\"1194\" srcset=\"https:\/\/www.kle-blatt.de\/blog\/wp-content\/uploads\/2019\/09\/emmericher-rheinbr\u00fccke-5-klaus.jpg?v=1569662071 850w, https:\/\/www.kle-blatt.de\/blog\/wp-content\/uploads\/2019\/09\/emmericher-rheinbr\u00fccke-5-klaus-214x300.jpg?v=1569662071 214w, https:\/\/www.kle-blatt.de\/blog\/wp-content\/uploads\/2019\/09\/emmericher-rheinbr\u00fccke-5-klaus-768x1079.jpg?v=1569662071 768w, https:\/\/www.kle-blatt.de\/blog\/wp-content\/uploads\/2019\/09\/emmericher-rheinbr\u00fccke-5-klaus-729x1024.jpg?v=1569662071 729w\" sizes=\"auto, (max-width: 850px) 100vw, 850px\" \/><br \/>\n(Foto gezeigt von Klaus Neumann)<\/p>\n","protected":false},"excerpt":{"rendered":"<p>Beratung \u00fcber die Rheinbr\u00fccke Kleve-Emmerich Wir sehen hier zwei Ingenieure(?), die sich \u00fcber den Fortschritt beim Bau der Rheinbr\u00fccke Kleve-Emmerich &hellip; <a href=\"https:\/\/www.kle-blatt.de\/blog\/kleve-in-foto-video\/aus-dem-privatalbum\/beratung-ueber-die-rheinbruecke-kleve-emmerich.html\" class=\"more-link\"><span class=\"more-button\">Weiterlesen<span class=\"screen-reader-text\">Beratung \u00fcber die Rheinbr\u00fccke Kleve-Emmerich<\/span><\/span><\/a><\/p>\n","protected":false},"author":2,"featured_media":25905,"comment_status":"closed","ping_status":"closed","sticky":false,"template":"","format":"standard","meta":{"footnotes":""},"categories":[20],"tags":[5149],"class_list":["post-25904","post","type-post","status-publish","format-standard","has-post-thumbnail","hentry","category-aus-dem-privatalbum","tag-beratung-ueber-die-rheinbruecke-kleve-emmerich"],"_links":{"self":[{"href":"https:\/\/www.kle-blatt.de\/blog\/wp-json\/wp\/v2\/posts\/25904","targetHints":{"allow":["GET"]}}],"collection":[{"href":"https:\/\/www.kle-blatt.de\/blog\/wp-json\/wp\/v2\/posts"}],"about":[{"href":"https:\/\/www.kle-blatt.de\/blog\/wp-json\/wp\/v2\/types\/post"}],"author":[{"embeddable":true,"href":"https:\/\/www.kle-blatt.de\/blog\/wp-json\/wp\/v2\/users\/2"}],"replies":[{"embeddable":true,"href":"https:\/\/www.kle-blatt.de\/blog\/wp-json\/wp\/v2\/comments?post=25904"}],"version-history":[{"count":2,"href":"https:\/\/www.kle-blatt.de\/blog\/wp-json\/wp\/v2\/posts\/25904\/revisions"}],"predecessor-version":[{"id":34330,"href":"https:\/\/www.kle-blatt.de\/blog\/wp-json\/wp\/v2\/posts\/25904\/revisions\/34330"}],"wp:featuredmedia":[{"embeddable":true,"href":"https:\/\/www.kle-blatt.de\/blog\/wp-json\/wp\/v2\/media\/25905"}],"wp:attachment":[{"href":"https:\/\/www.kle-blatt.de\/blog\/wp-json\/wp\/v2\/media?parent=25904"}],"wp:term":[{"taxonomy":"category","embeddable":true,"href":"https:\/\/www.kle-blatt.de\/blog\/wp-json\/wp\/v2\/categories?post=25904"},{"taxonomy":"post_tag","embeddable":true,"href":"https:\/\/www.kle-blatt.de\/blog\/wp-json\/wp\/v2\/tags?post=25904"}],"curies":[{"name":"wp","href":"https:\/\/api.w.org\/{rel}","templated":true}]}}