{"id":2593,"date":"2022-04-24T06:00:17","date_gmt":"2022-04-24T04:00:17","guid":{"rendered":"http:\/\/www.kle-blatt.de\/blog\/?p=2593"},"modified":"2022-03-10T13:48:21","modified_gmt":"2022-03-10T11:48:21","slug":"kommunion-in-den-kleverlanden","status":"publish","type":"post","link":"https:\/\/www.kle-blatt.de\/blog\/kleve-in-foto-video\/aus-dem-privatalbum\/kommunion-in-den-kleverlanden.html","title":{"rendered":"Kommunion in den Kleverlanden"},"content":{"rendered":"<p><strong>Kommunion in den Kleverlanden<\/strong><\/p>\n<p>Heute ist Wei\u00dfer Sonntag und es\u00a0finden allerorts wieder die Feiern zur ersten heiligen Kommunion statt oder haben bereits stattgefunden. Die Kommunionkinder erhalten in der Regel ihre erste Festtagskleidung, was bei den M\u00e4dchen stets ein wei\u00dfes Kleid mit &#8222;Kr\u00f6nchen&#8220; und schicken wei\u00dfen Schuhen sein muss. Bei den Jungs geht es heutzutage etwas lockerer zu.<br \/>\nDas war im Jahre 1935 noch ganz anders. Da geh\u00f6rte das Festgewand zum unbedingten Bestandteil der Kleidung, denn der Tag als solcher wurde damals viel h\u00f6her eingestuft, als es aktuell der Fall ist.<br \/>\nEgal war aber heute wie fr\u00fcher die Tatsache, das f\u00fcr die Gefeierten die Geschenke am Wichtigsten waren. Gab es vor Jahrzehnten noch die erste Uhr als \u00dcberraschung, so geht es heute nicht unter Smartphone oder \u00e4hnliche Ger\u00e4te.<\/p>\n<p><a href=\"http:\/\/www.kle-blatt.de\/blog\/wp-content\/uploads\/2013\/04\/kommunion-1935.jpg\"><img loading=\"lazy\" decoding=\"async\" class=\"size-full wp-image-2594 aligncenter\" src=\"https:\/\/www.kle-blatt.de\/blog\/wp-content\/uploads\/2013\/04\/kommunion-1935.jpg\" alt=\"Kommunion in den Kleverlanden\" width=\"850\" height=\"1221\" \/><\/a><br \/>\n(Foto: KLE-Blatt)<\/p>\n","protected":false},"excerpt":{"rendered":"<p>Kommunion in den Kleverlanden Heute ist Wei\u00dfer Sonntag und es\u00a0finden allerorts wieder die Feiern zur ersten heiligen Kommunion statt oder &hellip; <a href=\"https:\/\/www.kle-blatt.de\/blog\/kleve-in-foto-video\/aus-dem-privatalbum\/kommunion-in-den-kleverlanden.html\" class=\"more-link\"><span class=\"more-button\">Weiterlesen<span class=\"screen-reader-text\">Kommunion in den Kleverlanden<\/span><\/span><\/a><\/p>\n","protected":false},"author":2,"featured_media":2594,"comment_status":"open","ping_status":"closed","sticky":false,"template":"","format":"standard","meta":{"footnotes":""},"categories":[20],"tags":[692],"class_list":["post-2593","post","type-post","status-publish","format-standard","has-post-thumbnail","hentry","category-aus-dem-privatalbum","tag-kommunion-in-den-kleverlanden"],"_links":{"self":[{"href":"https:\/\/www.kle-blatt.de\/blog\/wp-json\/wp\/v2\/posts\/2593","targetHints":{"allow":["GET"]}}],"collection":[{"href":"https:\/\/www.kle-blatt.de\/blog\/wp-json\/wp\/v2\/posts"}],"about":[{"href":"https:\/\/www.kle-blatt.de\/blog\/wp-json\/wp\/v2\/types\/post"}],"author":[{"embeddable":true,"href":"https:\/\/www.kle-blatt.de\/blog\/wp-json\/wp\/v2\/users\/2"}],"replies":[{"embeddable":true,"href":"https:\/\/www.kle-blatt.de\/blog\/wp-json\/wp\/v2\/comments?post=2593"}],"version-history":[{"count":2,"href":"https:\/\/www.kle-blatt.de\/blog\/wp-json\/wp\/v2\/posts\/2593\/revisions"}],"predecessor-version":[{"id":30220,"href":"https:\/\/www.kle-blatt.de\/blog\/wp-json\/wp\/v2\/posts\/2593\/revisions\/30220"}],"wp:featuredmedia":[{"embeddable":true,"href":"https:\/\/www.kle-blatt.de\/blog\/wp-json\/wp\/v2\/media\/2594"}],"wp:attachment":[{"href":"https:\/\/www.kle-blatt.de\/blog\/wp-json\/wp\/v2\/media?parent=2593"}],"wp:term":[{"taxonomy":"category","embeddable":true,"href":"https:\/\/www.kle-blatt.de\/blog\/wp-json\/wp\/v2\/categories?post=2593"},{"taxonomy":"post_tag","embeddable":true,"href":"https:\/\/www.kle-blatt.de\/blog\/wp-json\/wp\/v2\/tags?post=2593"}],"curies":[{"name":"wp","href":"https:\/\/api.w.org\/{rel}","templated":true}]}}