{"id":26192,"date":"2025-12-15T07:10:01","date_gmt":"2025-12-15T05:10:01","guid":{"rendered":"https:\/\/www.kle-blatt.de\/blog\/?p=26192"},"modified":"2025-10-23T11:28:05","modified_gmt":"2025-10-23T09:28:05","slug":"als-ente-lippens-fuer-holland-spielte","status":"publish","type":"post","link":"https:\/\/www.kle-blatt.de\/blog\/allgemein\/als-ente-lippens-fuer-holland-spielte.html","title":{"rendered":"Als &#8222;Ente&#8220; Lippens f\u00fcr Holland spielte"},"content":{"rendered":"<p><strong>Als &#8222;Ente&#8220; Lippens f\u00fcr Holland spielte<\/strong><\/p>\n<p>Ein Bild mit Seltenheitswert. Der Klever Fu\u00dfballspieler Willi &#8222;Ente&#8220; Lippens spielte nur ein einziges Mal in der holl\u00e4ndischen Nationalmannschaft. Hier sieht man ihn mit der Legende Johann Cruyff auf den Platz laufen. Dieses Spiel fand im Jahre 1971 gegen Luxemburg statt. Es endete standesgem\u00e4\u00df mit 6:0. Da Willi jedoch mehr als Deutscher denn als Holl\u00e4nder angesehen wurde, bekam er in diesem Spiel kaum einen Ball. Die holl\u00e4ndischen Mitspieler schnitten ihn, wo es nur ging. Willi sah als Berufsoptimist selbst diese Tatsache als etwa Gutes an. Er behauptet heute noch, wenn er 1974 gespielt h\u00e4tte, w\u00e4re er der einzige Weltmeister in Deutschland gewesen. Mit ihm h\u00e4tten die Niederl\u00e4nder auf jeden Fall den Titel geholt. \ud83d\ude42<\/p>\n<p><img loading=\"lazy\" decoding=\"async\" class=\"size-full wp-image-26193 aligncenter\" style=\"font-size: 0.95em;\" src=\"https:\/\/www.kle-blatt.de\/blog\/wp-content\/uploads\/2019\/11\/lippens-u-cruyff-240271-stefan-kirch.jpg\" alt=\"Als Ente Lippens f\u00fcr Holland spielte\" width=\"850\" height=\"1115\" srcset=\"https:\/\/www.kle-blatt.de\/blog\/wp-content\/uploads\/2019\/11\/lippens-u-cruyff-240271-stefan-kirch.jpg?v=1574355030 850w, https:\/\/www.kle-blatt.de\/blog\/wp-content\/uploads\/2019\/11\/lippens-u-cruyff-240271-stefan-kirch-229x300.jpg?v=1574355030 229w, https:\/\/www.kle-blatt.de\/blog\/wp-content\/uploads\/2019\/11\/lippens-u-cruyff-240271-stefan-kirch-768x1007.jpg?v=1574355030 768w, https:\/\/www.kle-blatt.de\/blog\/wp-content\/uploads\/2019\/11\/lippens-u-cruyff-240271-stefan-kirch-781x1024.jpg?v=1574355030 781w\" sizes=\"auto, (max-width: 850px) 100vw, 850px\" \/><br \/>\n(Bild gezeigt von Stefan Kirch)<\/p>\n","protected":false},"excerpt":{"rendered":"<p>Als &#8222;Ente&#8220; Lippens f\u00fcr Holland spielte Ein Bild mit Seltenheitswert. Der Klever Fu\u00dfballspieler Willi &#8222;Ente&#8220; Lippens spielte nur ein einziges &hellip; <a href=\"https:\/\/www.kle-blatt.de\/blog\/allgemein\/als-ente-lippens-fuer-holland-spielte.html\" class=\"more-link\"><span class=\"more-button\">Weiterlesen<span class=\"screen-reader-text\">Als &#8222;Ente&#8220; Lippens f\u00fcr Holland spielte<\/span><\/span><\/a><\/p>\n","protected":false},"author":2,"featured_media":26193,"comment_status":"closed","ping_status":"closed","sticky":false,"template":"","format":"standard","meta":{"footnotes":""},"categories":[1],"tags":[5212],"class_list":["post-26192","post","type-post","status-publish","format-standard","has-post-thumbnail","hentry","category-allgemein","tag-als-ente-lippens-fuer-holland-spielte"],"_links":{"self":[{"href":"https:\/\/www.kle-blatt.de\/blog\/wp-json\/wp\/v2\/posts\/26192","targetHints":{"allow":["GET"]}}],"collection":[{"href":"https:\/\/www.kle-blatt.de\/blog\/wp-json\/wp\/v2\/posts"}],"about":[{"href":"https:\/\/www.kle-blatt.de\/blog\/wp-json\/wp\/v2\/types\/post"}],"author":[{"embeddable":true,"href":"https:\/\/www.kle-blatt.de\/blog\/wp-json\/wp\/v2\/users\/2"}],"replies":[{"embeddable":true,"href":"https:\/\/www.kle-blatt.de\/blog\/wp-json\/wp\/v2\/comments?post=26192"}],"version-history":[{"count":2,"href":"https:\/\/www.kle-blatt.de\/blog\/wp-json\/wp\/v2\/posts\/26192\/revisions"}],"predecessor-version":[{"id":36079,"href":"https:\/\/www.kle-blatt.de\/blog\/wp-json\/wp\/v2\/posts\/26192\/revisions\/36079"}],"wp:featuredmedia":[{"embeddable":true,"href":"https:\/\/www.kle-blatt.de\/blog\/wp-json\/wp\/v2\/media\/26193"}],"wp:attachment":[{"href":"https:\/\/www.kle-blatt.de\/blog\/wp-json\/wp\/v2\/media?parent=26192"}],"wp:term":[{"taxonomy":"category","embeddable":true,"href":"https:\/\/www.kle-blatt.de\/blog\/wp-json\/wp\/v2\/categories?post=26192"},{"taxonomy":"post_tag","embeddable":true,"href":"https:\/\/www.kle-blatt.de\/blog\/wp-json\/wp\/v2\/tags?post=26192"}],"curies":[{"name":"wp","href":"https:\/\/api.w.org\/{rel}","templated":true}]}}