{"id":26492,"date":"2024-02-25T07:00:24","date_gmt":"2024-02-25T05:00:24","guid":{"rendered":"https:\/\/www.kle-blatt.de\/blog\/?p=26492"},"modified":"2024-01-04T12:35:00","modified_gmt":"2024-01-04T10:35:00","slug":"kennst-du-den-klever-minoriten-stadt-naturwald-park-schon","status":"publish","type":"post","link":"https:\/\/www.kle-blatt.de\/blog\/kleve-in-foto-video\/aus-dem-privatalbum\/kennst-du-den-klever-minoriten-stadt-naturwald-park-schon.html","title":{"rendered":"Kennst Du den Klever Minoriten Stadt-Naturwald Park schon?"},"content":{"rendered":"<p><strong>Kennst Du den Klever Minoriten Stadt-Naturwald Park schon?<\/strong><\/p>\n<p>Eine interessante Vorstellung, wie man den Minoritenplatz anlegen k\u00f6nnte. Da die Gr\u00fcnen ohnehin immer mehr Stimmen auf sich vereinigen k\u00f6nnen und die Zahl der Naturliebhaber stetig w\u00e4chst, kommt diese Innovation doch zum richtigen Zeitpunkt.<br \/>\nBevor wieder kalte Gem\u00e4uer und noch mehr Drogerien, Friseure, Automaten, Handyl\u00e4den und N\u00e4gelfeiler in der Stadt dazukommen, w\u00e4re die Anpflanzung einer derben, wilden Flora doch nicht einmal so \u00fcbel oder?<br \/>\nEventuell lockt man dann sogar RTL mit dem Dschungelcamp nach Kleve. \ud83d\ude42<\/p>\n<p><img loading=\"lazy\" decoding=\"async\" class=\"size-full wp-image-26493 aligncenter\" src=\"https:\/\/www.kle-blatt.de\/blog\/wp-content\/uploads\/2020\/01\/minoriten-platz.jpg\" alt=\"Kennst Du den Klever Minoriten Stadt-Naturwald Park schon?\" width=\"849\" height=\"516\" \/><br \/>\n(Bild + Bearbeitung Dieter Borrmann)<\/p>\n","protected":false},"excerpt":{"rendered":"<p>Kennst Du den Klever Minoriten Stadt-Naturwald Park schon? Eine interessante Vorstellung, wie man den Minoritenplatz anlegen k\u00f6nnte. Da die Gr\u00fcnen &hellip; <a href=\"https:\/\/www.kle-blatt.de\/blog\/kleve-in-foto-video\/aus-dem-privatalbum\/kennst-du-den-klever-minoriten-stadt-naturwald-park-schon.html\" class=\"more-link\"><span class=\"more-button\">Weiterlesen<span class=\"screen-reader-text\">Kennst Du den Klever Minoriten Stadt-Naturwald Park schon?<\/span><\/span><\/a><\/p>\n","protected":false},"author":2,"featured_media":26493,"comment_status":"closed","ping_status":"closed","sticky":false,"template":"","format":"standard","meta":{"footnotes":""},"categories":[20],"tags":[5263],"class_list":["post-26492","post","type-post","status-publish","format-standard","has-post-thumbnail","hentry","category-aus-dem-privatalbum","tag-kennst-du-den-klever-minoriten-stadt-naturwald-park-schon"],"_links":{"self":[{"href":"https:\/\/www.kle-blatt.de\/blog\/wp-json\/wp\/v2\/posts\/26492","targetHints":{"allow":["GET"]}}],"collection":[{"href":"https:\/\/www.kle-blatt.de\/blog\/wp-json\/wp\/v2\/posts"}],"about":[{"href":"https:\/\/www.kle-blatt.de\/blog\/wp-json\/wp\/v2\/types\/post"}],"author":[{"embeddable":true,"href":"https:\/\/www.kle-blatt.de\/blog\/wp-json\/wp\/v2\/users\/2"}],"replies":[{"embeddable":true,"href":"https:\/\/www.kle-blatt.de\/blog\/wp-json\/wp\/v2\/comments?post=26492"}],"version-history":[{"count":2,"href":"https:\/\/www.kle-blatt.de\/blog\/wp-json\/wp\/v2\/posts\/26492\/revisions"}],"predecessor-version":[{"id":33238,"href":"https:\/\/www.kle-blatt.de\/blog\/wp-json\/wp\/v2\/posts\/26492\/revisions\/33238"}],"wp:featuredmedia":[{"embeddable":true,"href":"https:\/\/www.kle-blatt.de\/blog\/wp-json\/wp\/v2\/media\/26493"}],"wp:attachment":[{"href":"https:\/\/www.kle-blatt.de\/blog\/wp-json\/wp\/v2\/media?parent=26492"}],"wp:term":[{"taxonomy":"category","embeddable":true,"href":"https:\/\/www.kle-blatt.de\/blog\/wp-json\/wp\/v2\/categories?post=26492"},{"taxonomy":"post_tag","embeddable":true,"href":"https:\/\/www.kle-blatt.de\/blog\/wp-json\/wp\/v2\/tags?post=26492"}],"curies":[{"name":"wp","href":"https:\/\/api.w.org\/{rel}","templated":true}]}}