{"id":26503,"date":"2024-02-19T07:10:36","date_gmt":"2024-02-19T05:10:36","guid":{"rendered":"https:\/\/www.kle-blatt.de\/blog\/?p=26503"},"modified":"2024-01-04T12:24:51","modified_gmt":"2024-01-04T10:24:51","slug":"leider-gab-es-damals-noch-kein-facebook-oder-instagram-etc","status":"publish","type":"post","link":"https:\/\/www.kle-blatt.de\/blog\/kleve-in-foto-video\/leider-gab-es-damals-noch-kein-facebook-oder-instagram-etc.html","title":{"rendered":"Leider gab es damals noch kein Facebook oder Instagram etc."},"content":{"rendered":"<p><strong>Leider gab es damals noch kein Facebook oder Instagram etc.<\/strong><\/p>\n<p>So gr\u00fc\u00dfte man vor etwa 100 Jahren, als es Social Media noch nicht gab. Da wurde noch von Hand geschrieben. Heute kaum noch mit der Tastatur. Alles l\u00e4uft \u00fcber Chats, YouTube-Videos und andere Streaming-Kan\u00e4le. Trotzdem d\u00fcrfte es nicht leicht sein, ein solch niedliches Foto heute zu schie\u00dfen. Die Stadtansicht gibt es eh schon lange nicht mehr so.<\/p>\n<p><img loading=\"lazy\" decoding=\"async\" class=\"size-full wp-image-26504 aligncenter\" src=\"https:\/\/www.kle-blatt.de\/blog\/wp-content\/uploads\/2020\/01\/0-gru\u00df-aus-cleve.jpg\" alt=\"Leider gab es damals noch kein Facebook oder Instagram etc.\" width=\"850\" height=\"519\" \/><\/p>\n","protected":false},"excerpt":{"rendered":"<p>Leider gab es damals noch kein Facebook oder Instagram etc. So gr\u00fc\u00dfte man vor etwa 100 Jahren, als es Social &hellip; <a href=\"https:\/\/www.kle-blatt.de\/blog\/kleve-in-foto-video\/leider-gab-es-damals-noch-kein-facebook-oder-instagram-etc.html\" class=\"more-link\"><span class=\"more-button\">Weiterlesen<span class=\"screen-reader-text\">Leider gab es damals noch kein Facebook oder Instagram etc.<\/span><\/span><\/a><\/p>\n","protected":false},"author":2,"featured_media":26504,"comment_status":"closed","ping_status":"closed","sticky":false,"template":"","format":"standard","meta":{"footnotes":""},"categories":[3],"tags":[5266],"class_list":["post-26503","post","type-post","status-publish","format-standard","has-post-thumbnail","hentry","category-kleve-in-foto-video","tag-leider-gab-es-damals-noch-kein-facebook-oder-instagram-etc"],"_links":{"self":[{"href":"https:\/\/www.kle-blatt.de\/blog\/wp-json\/wp\/v2\/posts\/26503","targetHints":{"allow":["GET"]}}],"collection":[{"href":"https:\/\/www.kle-blatt.de\/blog\/wp-json\/wp\/v2\/posts"}],"about":[{"href":"https:\/\/www.kle-blatt.de\/blog\/wp-json\/wp\/v2\/types\/post"}],"author":[{"embeddable":true,"href":"https:\/\/www.kle-blatt.de\/blog\/wp-json\/wp\/v2\/users\/2"}],"replies":[{"embeddable":true,"href":"https:\/\/www.kle-blatt.de\/blog\/wp-json\/wp\/v2\/comments?post=26503"}],"version-history":[{"count":2,"href":"https:\/\/www.kle-blatt.de\/blog\/wp-json\/wp\/v2\/posts\/26503\/revisions"}],"predecessor-version":[{"id":33230,"href":"https:\/\/www.kle-blatt.de\/blog\/wp-json\/wp\/v2\/posts\/26503\/revisions\/33230"}],"wp:featuredmedia":[{"embeddable":true,"href":"https:\/\/www.kle-blatt.de\/blog\/wp-json\/wp\/v2\/media\/26504"}],"wp:attachment":[{"href":"https:\/\/www.kle-blatt.de\/blog\/wp-json\/wp\/v2\/media?parent=26503"}],"wp:term":[{"taxonomy":"category","embeddable":true,"href":"https:\/\/www.kle-blatt.de\/blog\/wp-json\/wp\/v2\/categories?post=26503"},{"taxonomy":"post_tag","embeddable":true,"href":"https:\/\/www.kle-blatt.de\/blog\/wp-json\/wp\/v2\/tags?post=26503"}],"curies":[{"name":"wp","href":"https:\/\/api.w.org\/{rel}","templated":true}]}}